{"id":588,"date":"2013-12-12T16:03:35","date_gmt":"2013-12-12T19:03:35","guid":{"rendered":"http:\/\/medicina.udd.cl\/unidad-calidad\/?p=588"},"modified":"2013-12-12T17:31:37","modified_gmt":"2013-12-12T20:31:37","slug":"la-universidad-tiene-que-formar-profesionales-integros-y-con-una-mirada-social","status":"publish","type":"post","link":"https:\/\/medicina.udd.cl\/unidad-calidad\/noticias\/2013\/12\/12\/la-universidad-tiene-que-formar-profesionales-integros-y-con-una-mirada-social\/","title":{"rendered":"\u201cLa Universidad tiene que formar profesionales \u00edntegros y con una mirada social\u201d"},"content":{"rendered":"<p style=\"text-align: left\"><a href=\"http:\/\/medicina.udd.cl\/unidad-calidad\/files\/2013\/12\/presidente-cem-e1386875473269.jpg\"><img loading=\"lazy\" decoding=\"async\" class=\"size-medium wp-image-605 aligncenter\" alt=\"Vicente Hernandez\" src=\"http:\/\/medicina.udd.cl\/unidad-calidad\/files\/2013\/12\/presidente-cem-300x290.jpg\" width=\"300\" height=\"290\" \/><\/a><\/p>\n<p style=\"text-align: left\">Vicente Hern\u00e1ndez ingres\u00f3 a la carrera el a\u00f1o 2010. Proveniente de la ciudad de Rancagua escogi\u00f3 la UDD porque todos los profesionales del \u00e1rea de la salud que conoc\u00eda le recomendaron a ojos cerrados la <a href=\"http:\/\/medicina.udd.cl\/\">Facultad de Medicina CAS-UDD<\/a> por el convenio docente asistencial con <a href=\"http:\/\/portal.alemana.cl\/wps\/wcm\/connect\/internet\/home\">Cl\u00ednica Alemana de Santiago<\/a>. \u201cEl tema cl\u00ednico siempre fue importante para m\u00ed y que la Facultad tuviera un campo cl\u00ednico exclusivo fue en lo que me fij\u00e9\u201d, explica el estudiante que actualmente cursa cuarto a\u00f1o.<\/p>\n<p>Se\u00f1ala que decidi\u00f3 estudiar Medicina finalmente porque \u201cEs una de las pocas carreras que te permite ganarte la vida de manera honesta y necesariamente hacer el bien a alguien\u201d, aunque tambi\u00e9n estaban dentro de sus opciones Derecho e Ingenier\u00eda Comercial.<\/p>\n<p><b>Cuando entraste a la Facultad de Medicina \u00bfC\u00f3mo evaluaste la calidad de la educaci\u00f3n?<\/b><\/p>\n<p>Cuando ingres\u00e9 sent\u00ed que existe una relaci\u00f3n muy cercana con los docentes. No es lo que te plantean en el colegio de c\u00f3mo va a ser la universidad, que van a hacer aulas gigantes con profesores distantes; aqu\u00ed el profesor\u00a0 se preocupa del desempe\u00f1o de los alumnos.<\/p>\n<p>El tema acad\u00e9mico lo vi s\u00faper bien, porque sent\u00ed que me estaban formando para que no se me murieran pacientes en los primeros a\u00f1os y ahora m\u00e1s adelante es para ser buenos m\u00e9dicos. Yo quedo con la tranquilidad que con lo que estamos aprendiendo vamos a ser excelentes m\u00e9dicos.<\/p>\n<p><b>\u00bfQu\u00e9 es lo que m\u00e1s valoras de esta formaci\u00f3n?<\/b><\/p>\n<p>De repente hay cursos que tienen objetivos s\u00faper loables como \u00e9tica, responsabilidad p\u00fablica, que de una u otra forma influyen en la formaci\u00f3n positivamente.<\/p>\n<p>Tambi\u00e9n hay cierta \u00e9tica profesional que te van inculcando los docentes a trav\u00e9s de la responsabilidad. Por ejemplo, a nosotros en tercero el Dr. Blacut es s\u00faper enf\u00e1tico en que hay que andar con corbata, \u00a0yo s\u00e9 que a nadie le gusta andar con corbata y ahora vi\u00e9ndolo retrospectivamente eso es algo m\u00e1s que por usar la corbata para verse serio, es porque tenemos que aprender que a veces hay cosas que aunque no nos gusten vamos a tener que hacerlas igual<\/p>\n<p>Algo que es s\u00faper apreciado es la \u00e9tica y responsabilidad, aparte de la habilidad cl\u00ednica de llegar a un buen diagn\u00f3stico, lo que lo puede impartir cualquier universidad, porque est\u00e1 en los libros. Yo creo que\u00a0la universidad tiene que formar profesionales \u00edntegros y con mirada social.<b><\/b><\/p>\n<p><b>\u00a0<\/b><b>\u00bfC\u00f3mo eval\u00faas a tus docentes?<\/b><\/p>\n<p>Yo creo que tenemos s\u00faper buenos docentes y que la universidad se preocupa de que se preparen. Est\u00e1n s\u00faper actualizados, hacen las clases para el a\u00f1o que corresponden, no se saltan procesos ni esperan que nosotros sepamos cosas que no debi\u00e9semos saber en ese sentido.<\/p>\n<p><b>Para finalizar \u00bfC\u00f3mo proyectas a la Facultad de Medicina CAS-UDD en un tiempo m\u00e1s?<\/b><\/p>\n<p>Yo creo que ya somos reconocidos como una universidad que saca buenos m\u00e9dicos. Yo creo que esa l\u00ednea se va a mantener, pero m\u00e1s que los mejores vamos a ser buenos m\u00e9dicos, porque todas las universidades tienen derecho a sacar m\u00e9dicos.<\/p>\n<p>La impresi\u00f3n que queda fuera de nuestros egresados es que son bien cotizados, por la \u00e9tica de trabajo, por los conocimientos m\u00e9dicos que tienen. Yo esperar\u00eda que hubieran m\u00e1s ex alumnos que hicieran clases, porque eso ya es lo culmine del conocimiento, esa transici\u00f3n de alumno a docente. Vamos a seguir siendo lo que ya somos y seguir la misma pendiente de ascenso.<\/p>\n","protected":false},"excerpt":{"rendered":"<p>En entrevista el nuevo Presidente del Centro de Estudiantes de Medicina cuenta su visi\u00f3n de la calidad en la educaci\u00f3n.<\/p>\n","protected":false},"author":38,"featured_media":0,"comment_status":"open","ping_status":"open","sticky":false,"template":"","format":"standard","meta":{"footnotes":""},"categories":[4],"tags":[],"class_list":["post-588","post","type-post","status-publish","format-standard","hentry","category-noticias"],"yoast_head":"<!-- This site is optimized with the Yoast SEO plugin v26.9 - https:\/\/yoast.com\/product\/yoast-seo-wordpress\/ -->\n<title>\u201cLa Universidad tiene que formar profesionales \u00edntegros y con una mirada social\u201d - Unidad de Calidad (UNICA)<\/title>\n<meta name=\"robots\" content=\"index, follow, max-snippet:-1, max-image-preview:large, max-video-preview:-1\" \/>\n<link rel=\"canonical\" href=\"https:\/\/medicina.udd.cl\/unidad-calidad\/noticias\/2013\/12\/12\/la-universidad-tiene-que-formar-profesionales-integros-y-con-una-mirada-social\/\" \/>\n<meta property=\"og:locale\" content=\"es_ES\" \/>\n<meta property=\"og:type\" content=\"article\" \/>\n<meta property=\"og:title\" content=\"\u201cLa Universidad tiene que formar profesionales \u00edntegros y con una mirada social\u201d - Unidad de Calidad (UNICA)\" \/>\n<meta property=\"og:description\" content=\"En entrevista el nuevo Presidente del Centro de Estudiantes de Medicina cuenta su visi\u00f3n de la calidad en la educaci\u00f3n.\" \/>\n<meta property=\"og:url\" content=\"https:\/\/medicina.udd.cl\/unidad-calidad\/noticias\/2013\/12\/12\/la-universidad-tiene-que-formar-profesionales-integros-y-con-una-mirada-social\/\" \/>\n<meta property=\"og:site_name\" content=\"Unidad de Calidad (UNICA)\" \/>\n<meta property=\"article:published_time\" content=\"2013-12-12T19:03:35+00:00\" \/>\n<meta property=\"article:modified_time\" content=\"2013-12-12T20:31:37+00:00\" \/>\n<meta property=\"og:image\" content=\"http:\/\/medicina.udd.cl\/unidad-calidad\/files\/2013\/12\/presidente-cem-300x290.jpg\" \/>\n<meta name=\"twitter:label1\" content=\"Escrito por\" \/>\n\t<meta name=\"twitter:data1\" content=\"\" \/>\n\t<meta name=\"twitter:label2\" content=\"Tiempo de lectura\" \/>\n\t<meta name=\"twitter:data2\" content=\"3 minutos\" \/>\n<script type=\"application\/ld+json\" class=\"yoast-schema-graph\">{\"@context\":\"https:\/\/schema.org\",\"@graph\":[{\"@type\":\"Article\",\"@id\":\"https:\/\/medicina.udd.cl\/unidad-calidad\/noticias\/2013\/12\/12\/la-universidad-tiene-que-formar-profesionales-integros-y-con-una-mirada-social\/#article\",\"isPartOf\":{\"@id\":\"https:\/\/medicina.udd.cl\/unidad-calidad\/noticias\/2013\/12\/12\/la-universidad-tiene-que-formar-profesionales-integros-y-con-una-mirada-social\/\"},\"author\":{\"name\":\"\",\"@id\":\"\"},\"headline\":\"\u201cLa Universidad tiene que formar profesionales \u00edntegros y con una mirada social\u201d\",\"datePublished\":\"2013-12-12T19:03:35+00:00\",\"dateModified\":\"2013-12-12T20:31:37+00:00\",\"mainEntityOfPage\":{\"@id\":\"https:\/\/medicina.udd.cl\/unidad-calidad\/noticias\/2013\/12\/12\/la-universidad-tiene-que-formar-profesionales-integros-y-con-una-mirada-social\/\"},\"wordCount\":625,\"commentCount\":0,\"image\":{\"@id\":\"https:\/\/medicina.udd.cl\/unidad-calidad\/noticias\/2013\/12\/12\/la-universidad-tiene-que-formar-profesionales-integros-y-con-una-mirada-social\/#primaryimage\"},\"thumbnailUrl\":\"http:\/\/medicina.udd.cl\/unidad-calidad\/files\/2013\/12\/presidente-cem-300x290.jpg\",\"articleSection\":[\"Noticias\"],\"inLanguage\":\"es\",\"potentialAction\":[{\"@type\":\"CommentAction\",\"name\":\"Comment\",\"target\":[\"https:\/\/medicina.udd.cl\/unidad-calidad\/noticias\/2013\/12\/12\/la-universidad-tiene-que-formar-profesionales-integros-y-con-una-mirada-social\/#respond\"]}]},{\"@type\":\"WebPage\",\"@id\":\"https:\/\/medicina.udd.cl\/unidad-calidad\/noticias\/2013\/12\/12\/la-universidad-tiene-que-formar-profesionales-integros-y-con-una-mirada-social\/\",\"url\":\"https:\/\/medicina.udd.cl\/unidad-calidad\/noticias\/2013\/12\/12\/la-universidad-tiene-que-formar-profesionales-integros-y-con-una-mirada-social\/\",\"name\":\"\u201cLa Universidad tiene que formar profesionales \u00edntegros y con una mirada social\u201d - Unidad de Calidad (UNICA)\",\"isPartOf\":{\"@id\":\"https:\/\/medicina.udd.cl\/unidad-calidad\/#website\"},\"primaryImageOfPage\":{\"@id\":\"https:\/\/medicina.udd.cl\/unidad-calidad\/noticias\/2013\/12\/12\/la-universidad-tiene-que-formar-profesionales-integros-y-con-una-mirada-social\/#primaryimage\"},\"image\":{\"@id\":\"https:\/\/medicina.udd.cl\/unidad-calidad\/noticias\/2013\/12\/12\/la-universidad-tiene-que-formar-profesionales-integros-y-con-una-mirada-social\/#primaryimage\"},\"thumbnailUrl\":\"http:\/\/medicina.udd.cl\/unidad-calidad\/files\/2013\/12\/presidente-cem-300x290.jpg\",\"datePublished\":\"2013-12-12T19:03:35+00:00\",\"dateModified\":\"2013-12-12T20:31:37+00:00\",\"author\":{\"@id\":\"\"},\"breadcrumb\":{\"@id\":\"https:\/\/medicina.udd.cl\/unidad-calidad\/noticias\/2013\/12\/12\/la-universidad-tiene-que-formar-profesionales-integros-y-con-una-mirada-social\/#breadcrumb\"},\"inLanguage\":\"es\",\"potentialAction\":[{\"@type\":\"ReadAction\",\"target\":[\"https:\/\/medicina.udd.cl\/unidad-calidad\/noticias\/2013\/12\/12\/la-universidad-tiene-que-formar-profesionales-integros-y-con-una-mirada-social\/\"]}]},{\"@type\":\"ImageObject\",\"inLanguage\":\"es\",\"@id\":\"https:\/\/medicina.udd.cl\/unidad-calidad\/noticias\/2013\/12\/12\/la-universidad-tiene-que-formar-profesionales-integros-y-con-una-mirada-social\/#primaryimage\",\"url\":\"http:\/\/medicina.udd.cl\/unidad-calidad\/files\/2013\/12\/presidente-cem-300x290.jpg\",\"contentUrl\":\"http:\/\/medicina.udd.cl\/unidad-calidad\/files\/2013\/12\/presidente-cem-300x290.jpg\"},{\"@type\":\"BreadcrumbList\",\"@id\":\"https:\/\/medicina.udd.cl\/unidad-calidad\/noticias\/2013\/12\/12\/la-universidad-tiene-que-formar-profesionales-integros-y-con-una-mirada-social\/#breadcrumb\",\"itemListElement\":[{\"@type\":\"ListItem\",\"position\":1,\"name\":\"Home\",\"item\":\"https:\/\/medicina.udd.cl\/unidad-calidad\/\"},{\"@type\":\"ListItem\",\"position\":2,\"name\":\"\u201cLa Universidad tiene que formar profesionales \u00edntegros y con una mirada social\u201d\"}]},{\"@type\":\"WebSite\",\"@id\":\"https:\/\/medicina.udd.cl\/unidad-calidad\/#website\",\"url\":\"https:\/\/medicina.udd.cl\/unidad-calidad\/\",\"name\":\"Unidad de Calidad (UNICA)\",\"description\":\"Facultad de Medicina Cl\u00ednica Alemana Universidad del Desarrollo\",\"potentialAction\":[{\"@type\":\"SearchAction\",\"target\":{\"@type\":\"EntryPoint\",\"urlTemplate\":\"https:\/\/medicina.udd.cl\/unidad-calidad\/?s={search_term_string}\"},\"query-input\":{\"@type\":\"PropertyValueSpecification\",\"valueRequired\":true,\"valueName\":\"search_term_string\"}}],\"inLanguage\":\"es\"},{\"@type\":\"Person\",\"@id\":\"\",\"url\":\"https:\/\/medicina.udd.cl\/unidad-calidad\/noticias\/author\/\"}]}<\/script>\n<!-- \/ Yoast SEO plugin. -->","yoast_head_json":{"title":"\u201cLa Universidad tiene que formar profesionales \u00edntegros y con una mirada social\u201d - Unidad de Calidad (UNICA)","robots":{"index":"index","follow":"follow","max-snippet":"max-snippet:-1","max-image-preview":"max-image-preview:large","max-video-preview":"max-video-preview:-1"},"canonical":"https:\/\/medicina.udd.cl\/unidad-calidad\/noticias\/2013\/12\/12\/la-universidad-tiene-que-formar-profesionales-integros-y-con-una-mirada-social\/","og_locale":"es_ES","og_type":"article","og_title":"\u201cLa Universidad tiene que formar profesionales \u00edntegros y con una mirada social\u201d - Unidad de Calidad (UNICA)","og_description":"En entrevista el nuevo Presidente del Centro de Estudiantes de Medicina cuenta su visi\u00f3n de la calidad en la educaci\u00f3n.","og_url":"https:\/\/medicina.udd.cl\/unidad-calidad\/noticias\/2013\/12\/12\/la-universidad-tiene-que-formar-profesionales-integros-y-con-una-mirada-social\/","og_site_name":"Unidad de Calidad (UNICA)","article_published_time":"2013-12-12T19:03:35+00:00","article_modified_time":"2013-12-12T20:31:37+00:00","og_image":[{"url":"http:\/\/medicina.udd.cl\/unidad-calidad\/files\/2013\/12\/presidente-cem-300x290.jpg","type":"","width":"","height":""}],"twitter_misc":{"Escrito por":"","Tiempo de lectura":"3 minutos"},"schema":{"@context":"https:\/\/schema.org","@graph":[{"@type":"Article","@id":"https:\/\/medicina.udd.cl\/unidad-calidad\/noticias\/2013\/12\/12\/la-universidad-tiene-que-formar-profesionales-integros-y-con-una-mirada-social\/#article","isPartOf":{"@id":"https:\/\/medicina.udd.cl\/unidad-calidad\/noticias\/2013\/12\/12\/la-universidad-tiene-que-formar-profesionales-integros-y-con-una-mirada-social\/"},"author":{"name":"","@id":""},"headline":"\u201cLa Universidad tiene que formar profesionales \u00edntegros y con una mirada social\u201d","datePublished":"2013-12-12T19:03:35+00:00","dateModified":"2013-12-12T20:31:37+00:00","mainEntityOfPage":{"@id":"https:\/\/medicina.udd.cl\/unidad-calidad\/noticias\/2013\/12\/12\/la-universidad-tiene-que-formar-profesionales-integros-y-con-una-mirada-social\/"},"wordCount":625,"commentCount":0,"image":{"@id":"https:\/\/medicina.udd.cl\/unidad-calidad\/noticias\/2013\/12\/12\/la-universidad-tiene-que-formar-profesionales-integros-y-con-una-mirada-social\/#primaryimage"},"thumbnailUrl":"http:\/\/medicina.udd.cl\/unidad-calidad\/files\/2013\/12\/presidente-cem-300x290.jpg","articleSection":["Noticias"],"inLanguage":"es","potentialAction":[{"@type":"CommentAction","name":"Comment","target":["https:\/\/medicina.udd.cl\/unidad-calidad\/noticias\/2013\/12\/12\/la-universidad-tiene-que-formar-profesionales-integros-y-con-una-mirada-social\/#respond"]}]},{"@type":"WebPage","@id":"https:\/\/medicina.udd.cl\/unidad-calidad\/noticias\/2013\/12\/12\/la-universidad-tiene-que-formar-profesionales-integros-y-con-una-mirada-social\/","url":"https:\/\/medicina.udd.cl\/unidad-calidad\/noticias\/2013\/12\/12\/la-universidad-tiene-que-formar-profesionales-integros-y-con-una-mirada-social\/","name":"\u201cLa Universidad tiene que formar profesionales \u00edntegros y con una mirada social\u201d - Unidad de Calidad (UNICA)","isPartOf":{"@id":"https:\/\/medicina.udd.cl\/unidad-calidad\/#website"},"primaryImageOfPage":{"@id":"https:\/\/medicina.udd.cl\/unidad-calidad\/noticias\/2013\/12\/12\/la-universidad-tiene-que-formar-profesionales-integros-y-con-una-mirada-social\/#primaryimage"},"image":{"@id":"https:\/\/medicina.udd.cl\/unidad-calidad\/noticias\/2013\/12\/12\/la-universidad-tiene-que-formar-profesionales-integros-y-con-una-mirada-social\/#primaryimage"},"thumbnailUrl":"http:\/\/medicina.udd.cl\/unidad-calidad\/files\/2013\/12\/presidente-cem-300x290.jpg","datePublished":"2013-12-12T19:03:35+00:00","dateModified":"2013-12-12T20:31:37+00:00","author":{"@id":""},"breadcrumb":{"@id":"https:\/\/medicina.udd.cl\/unidad-calidad\/noticias\/2013\/12\/12\/la-universidad-tiene-que-formar-profesionales-integros-y-con-una-mirada-social\/#breadcrumb"},"inLanguage":"es","potentialAction":[{"@type":"ReadAction","target":["https:\/\/medicina.udd.cl\/unidad-calidad\/noticias\/2013\/12\/12\/la-universidad-tiene-que-formar-profesionales-integros-y-con-una-mirada-social\/"]}]},{"@type":"ImageObject","inLanguage":"es","@id":"https:\/\/medicina.udd.cl\/unidad-calidad\/noticias\/2013\/12\/12\/la-universidad-tiene-que-formar-profesionales-integros-y-con-una-mirada-social\/#primaryimage","url":"http:\/\/medicina.udd.cl\/unidad-calidad\/files\/2013\/12\/presidente-cem-300x290.jpg","contentUrl":"http:\/\/medicina.udd.cl\/unidad-calidad\/files\/2013\/12\/presidente-cem-300x290.jpg"},{"@type":"BreadcrumbList","@id":"https:\/\/medicina.udd.cl\/unidad-calidad\/noticias\/2013\/12\/12\/la-universidad-tiene-que-formar-profesionales-integros-y-con-una-mirada-social\/#breadcrumb","itemListElement":[{"@type":"ListItem","position":1,"name":"Home","item":"https:\/\/medicina.udd.cl\/unidad-calidad\/"},{"@type":"ListItem","position":2,"name":"\u201cLa Universidad tiene que formar profesionales \u00edntegros y con una mirada social\u201d"}]},{"@type":"WebSite","@id":"https:\/\/medicina.udd.cl\/unidad-calidad\/#website","url":"https:\/\/medicina.udd.cl\/unidad-calidad\/","name":"Unidad de Calidad (UNICA)","description":"Facultad de Medicina Cl\u00ednica Alemana Universidad del Desarrollo","potentialAction":[{"@type":"SearchAction","target":{"@type":"EntryPoint","urlTemplate":"https:\/\/medicina.udd.cl\/unidad-calidad\/?s={search_term_string}"},"query-input":{"@type":"PropertyValueSpecification","valueRequired":true,"valueName":"search_term_string"}}],"inLanguage":"es"},{"@type":"Person","@id":"","url":"https:\/\/medicina.udd.cl\/unidad-calidad\/noticias\/author\/"}]}},"_links":{"self":[{"href":"https:\/\/medicina.udd.cl\/unidad-calidad\/wp-json\/wp\/v2\/posts\/588","targetHints":{"allow":["GET"]}}],"collection":[{"href":"https:\/\/medicina.udd.cl\/unidad-calidad\/wp-json\/wp\/v2\/posts"}],"about":[{"href":"https:\/\/medicina.udd.cl\/unidad-calidad\/wp-json\/wp\/v2\/types\/post"}],"author":[{"embeddable":true,"href":"https:\/\/medicina.udd.cl\/unidad-calidad\/wp-json\/wp\/v2\/users\/38"}],"replies":[{"embeddable":true,"href":"https:\/\/medicina.udd.cl\/unidad-calidad\/wp-json\/wp\/v2\/comments?post=588"}],"version-history":[{"count":32,"href":"https:\/\/medicina.udd.cl\/unidad-calidad\/wp-json\/wp\/v2\/posts\/588\/revisions"}],"predecessor-version":[{"id":623,"href":"https:\/\/medicina.udd.cl\/unidad-calidad\/wp-json\/wp\/v2\/posts\/588\/revisions\/623"}],"wp:attachment":[{"href":"https:\/\/medicina.udd.cl\/unidad-calidad\/wp-json\/wp\/v2\/media?parent=588"}],"wp:term":[{"taxonomy":"category","embeddable":true,"href":"https:\/\/medicina.udd.cl\/unidad-calidad\/wp-json\/wp\/v2\/categories?post=588"},{"taxonomy":"post_tag","embeddable":true,"href":"https:\/\/medicina.udd.cl\/unidad-calidad\/wp-json\/wp\/v2\/tags?post=588"}],"curies":[{"name":"wp","href":"https:\/\/api.w.org\/{rel}","templated":true}]}}