{"id":736,"date":"2015-07-06T12:02:09","date_gmt":"2015-07-06T15:02:09","guid":{"rendered":"http:\/\/medicina.udd.cl\/unidad-calidad\/?p=736"},"modified":"2015-07-06T12:02:09","modified_gmt":"2015-07-06T15:02:09","slug":"medicina-udd-recibe-acreditacion-por-6-anos","status":"publish","type":"post","link":"https:\/\/medicina.udd.cl\/unidad-calidad\/noticias\/2015\/07\/06\/medicina-udd-recibe-acreditacion-por-6-anos\/","title":{"rendered":"Medicina UDD recibe acreditaci\u00f3n por 6 a\u00f1os"},"content":{"rendered":"<p><a href=\"http:\/\/medicina.udd.cl\/unidad-calidad\/files\/2015\/07\/Acreditaci\u00f3n-carrera-de-Medicina.jpg\"><img loading=\"lazy\" decoding=\"async\" class=\"wp-image-737 alignleft\" alt=\"Acreditaci\u00f3n carrera de Medicina\" src=\"http:\/\/medicina.udd.cl\/unidad-calidad\/files\/2015\/07\/Acreditaci\u00f3n-carrera-de-Medicina-1024x589.jpg\" width=\"295\" height=\"169\" \/><\/a>\u201cEsta noticia nos llena de satisfacci\u00f3n. Por todos los que d\u00eda a d\u00eda trabajan y contribuyen con su experiencia a formar j\u00f3venes para servir a Chile.\u00a0 Por nuestros estudiantes, que son protagonistas de una obra que se construye con el entusiasmo y aporte de todos.\u00a0\u00a0<strong>Este resultado habla por s\u00ed s\u00f3lo del buen trabajo que hemos realizado juntos<\/strong>\u201d.<\/p>\n<p>Con estas palabras, el\u00a0<strong>decano de la Facultad de Medicina Cl\u00ednica Alemana Universidad del Desarrollo, Pablo Vial<\/strong>, inform\u00f3 que\u00a0<strong>la Agencia Acreditadora de Chile otorg\u00f3 6 a\u00f1os de acreditaci\u00f3n a\u00a0Medicina\u00a0UDD<\/strong>.<\/p>\n<p>Anteriormente, en 2010, esta carrera hab\u00eda recibido 5 a\u00f1os de acreditaci\u00f3n, raz\u00f3n por la cual el haber obtenido en esta nueva oportunidad un per\u00edodo mayor (junio 2015 \u2013 junio 2021), llena de orgullo a toda la comunidad universitaria. \u201cRecibimos esta decisi\u00f3n como un reconocimiento a nuestro genuino y constante esp\u00edritu de superaci\u00f3n, a nuestro compromiso con la calidad, rigurosidad y dedicaci\u00f3n.<\/p>\n<p><strong>Esta acreditaci\u00f3n nos motiva a continuar trabajando, siendo parte de un proceso en que todos aprendemos, crecemos y nos comprometemos con la comunidad\u201d, manifest\u00f3 la directora de Medicina, Cristina Biehl.<\/strong>\u00a0Medicina UDD abri\u00f3 sus puertas el 2002, tras firmarse un acuerdo de colaboraci\u00f3n entre la Universidad del Desarrollo y la Cl\u00ednica Alemana para la creaci\u00f3n de una Facultad que albergara distintos programas del \u00e1rea de la salud.<\/p>\n<p>A la fecha, son siete las generaciones que han recibido su t\u00edtulo profesional de Medicina y todas ellas han destacado con excelentes resultados en el Examen \u00danico Nacional de Conocimientos de Medicina, Eunacom.<\/p>\n","protected":false},"excerpt":{"rendered":"<p>La Agencia Acreditadora de Chile otorg\u00f3 la certificaci\u00f3n de calidad a esta carrera para el per\u00edodo junio 2015 \u2013 junio 2021.<\/p>\n","protected":false},"author":42,"featured_media":737,"comment_status":"open","ping_status":"open","sticky":false,"template":"","format":"standard","meta":{"footnotes":""},"categories":[4],"tags":[],"class_list":["post-736","post","type-post","status-publish","format-standard","has-post-thumbnail","hentry","category-noticias"],"yoast_head":"<!-- This site is optimized with the Yoast SEO plugin v26.9 - https:\/\/yoast.com\/product\/yoast-seo-wordpress\/ -->\n<title>Medicina UDD recibe acreditaci\u00f3n por 6 a\u00f1os - Unidad de Calidad (UNICA)<\/title>\n<meta name=\"robots\" content=\"index, follow, max-snippet:-1, max-image-preview:large, max-video-preview:-1\" \/>\n<link rel=\"canonical\" href=\"https:\/\/medicina.udd.cl\/unidad-calidad\/noticias\/2015\/07\/06\/medicina-udd-recibe-acreditacion-por-6-anos\/\" \/>\n<meta property=\"og:locale\" content=\"es_ES\" \/>\n<meta property=\"og:type\" content=\"article\" \/>\n<meta property=\"og:title\" content=\"Medicina UDD recibe acreditaci\u00f3n por 6 a\u00f1os - Unidad de Calidad (UNICA)\" \/>\n<meta property=\"og:description\" content=\"La Agencia Acreditadora de Chile otorg\u00f3 la certificaci\u00f3n de calidad a esta carrera para el per\u00edodo junio 2015 \u2013 junio 2021.\" \/>\n<meta property=\"og:url\" content=\"https:\/\/medicina.udd.cl\/unidad-calidad\/noticias\/2015\/07\/06\/medicina-udd-recibe-acreditacion-por-6-anos\/\" \/>\n<meta property=\"og:site_name\" content=\"Unidad de Calidad (UNICA)\" \/>\n<meta property=\"article:published_time\" content=\"2015-07-06T15:02:09+00:00\" \/>\n<meta property=\"og:image\" content=\"https:\/\/medicina.udd.cl\/unidad-calidad\/files\/2015\/07\/Acreditaci\u00f3n-carrera-de-Medicina.jpg\" \/>\n\t<meta property=\"og:image:width\" content=\"3092\" \/>\n\t<meta property=\"og:image:height\" content=\"1781\" \/>\n\t<meta property=\"og:image:type\" content=\"image\/jpeg\" \/>\n<meta name=\"twitter:label1\" content=\"Escrito por\" \/>\n\t<meta name=\"twitter:data1\" content=\"\" \/>\n\t<meta name=\"twitter:label2\" content=\"Tiempo de lectura\" \/>\n\t<meta name=\"twitter:data2\" content=\"1 minuto\" \/>\n<script type=\"application\/ld+json\" class=\"yoast-schema-graph\">{\"@context\":\"https:\/\/schema.org\",\"@graph\":[{\"@type\":\"Article\",\"@id\":\"https:\/\/medicina.udd.cl\/unidad-calidad\/noticias\/2015\/07\/06\/medicina-udd-recibe-acreditacion-por-6-anos\/#article\",\"isPartOf\":{\"@id\":\"https:\/\/medicina.udd.cl\/unidad-calidad\/noticias\/2015\/07\/06\/medicina-udd-recibe-acreditacion-por-6-anos\/\"},\"author\":{\"name\":\"\",\"@id\":\"\"},\"headline\":\"Medicina UDD recibe acreditaci\u00f3n por 6 a\u00f1os\",\"datePublished\":\"2015-07-06T15:02:09+00:00\",\"mainEntityOfPage\":{\"@id\":\"https:\/\/medicina.udd.cl\/unidad-calidad\/noticias\/2015\/07\/06\/medicina-udd-recibe-acreditacion-por-6-anos\/\"},\"wordCount\":274,\"commentCount\":0,\"image\":{\"@id\":\"https:\/\/medicina.udd.cl\/unidad-calidad\/noticias\/2015\/07\/06\/medicina-udd-recibe-acreditacion-por-6-anos\/#primaryimage\"},\"thumbnailUrl\":\"https:\/\/medicina.udd.cl\/unidad-calidad\/files\/2015\/07\/Acreditaci\u00f3n-carrera-de-Medicina.jpg\",\"articleSection\":[\"Noticias\"],\"inLanguage\":\"es\",\"potentialAction\":[{\"@type\":\"CommentAction\",\"name\":\"Comment\",\"target\":[\"https:\/\/medicina.udd.cl\/unidad-calidad\/noticias\/2015\/07\/06\/medicina-udd-recibe-acreditacion-por-6-anos\/#respond\"]}]},{\"@type\":\"WebPage\",\"@id\":\"https:\/\/medicina.udd.cl\/unidad-calidad\/noticias\/2015\/07\/06\/medicina-udd-recibe-acreditacion-por-6-anos\/\",\"url\":\"https:\/\/medicina.udd.cl\/unidad-calidad\/noticias\/2015\/07\/06\/medicina-udd-recibe-acreditacion-por-6-anos\/\",\"name\":\"Medicina UDD recibe acreditaci\u00f3n por 6 a\u00f1os - Unidad de Calidad (UNICA)\",\"isPartOf\":{\"@id\":\"https:\/\/medicina.udd.cl\/unidad-calidad\/#website\"},\"primaryImageOfPage\":{\"@id\":\"https:\/\/medicina.udd.cl\/unidad-calidad\/noticias\/2015\/07\/06\/medicina-udd-recibe-acreditacion-por-6-anos\/#primaryimage\"},\"image\":{\"@id\":\"https:\/\/medicina.udd.cl\/unidad-calidad\/noticias\/2015\/07\/06\/medicina-udd-recibe-acreditacion-por-6-anos\/#primaryimage\"},\"thumbnailUrl\":\"https:\/\/medicina.udd.cl\/unidad-calidad\/files\/2015\/07\/Acreditaci\u00f3n-carrera-de-Medicina.jpg\",\"datePublished\":\"2015-07-06T15:02:09+00:00\",\"author\":{\"@id\":\"\"},\"breadcrumb\":{\"@id\":\"https:\/\/medicina.udd.cl\/unidad-calidad\/noticias\/2015\/07\/06\/medicina-udd-recibe-acreditacion-por-6-anos\/#breadcrumb\"},\"inLanguage\":\"es\",\"potentialAction\":[{\"@type\":\"ReadAction\",\"target\":[\"https:\/\/medicina.udd.cl\/unidad-calidad\/noticias\/2015\/07\/06\/medicina-udd-recibe-acreditacion-por-6-anos\/\"]}]},{\"@type\":\"ImageObject\",\"inLanguage\":\"es\",\"@id\":\"https:\/\/medicina.udd.cl\/unidad-calidad\/noticias\/2015\/07\/06\/medicina-udd-recibe-acreditacion-por-6-anos\/#primaryimage\",\"url\":\"https:\/\/medicina.udd.cl\/unidad-calidad\/files\/2015\/07\/Acreditaci\u00f3n-carrera-de-Medicina.jpg\",\"contentUrl\":\"https:\/\/medicina.udd.cl\/unidad-calidad\/files\/2015\/07\/Acreditaci\u00f3n-carrera-de-Medicina.jpg\",\"width\":3092,\"height\":1781},{\"@type\":\"BreadcrumbList\",\"@id\":\"https:\/\/medicina.udd.cl\/unidad-calidad\/noticias\/2015\/07\/06\/medicina-udd-recibe-acreditacion-por-6-anos\/#breadcrumb\",\"itemListElement\":[{\"@type\":\"ListItem\",\"position\":1,\"name\":\"Home\",\"item\":\"https:\/\/medicina.udd.cl\/unidad-calidad\/\"},{\"@type\":\"ListItem\",\"position\":2,\"name\":\"Medicina UDD recibe acreditaci\u00f3n por 6 a\u00f1os\"}]},{\"@type\":\"WebSite\",\"@id\":\"https:\/\/medicina.udd.cl\/unidad-calidad\/#website\",\"url\":\"https:\/\/medicina.udd.cl\/unidad-calidad\/\",\"name\":\"Unidad de Calidad (UNICA)\",\"description\":\"Facultad de Medicina Cl\u00ednica Alemana Universidad del Desarrollo\",\"potentialAction\":[{\"@type\":\"SearchAction\",\"target\":{\"@type\":\"EntryPoint\",\"urlTemplate\":\"https:\/\/medicina.udd.cl\/unidad-calidad\/?s={search_term_string}\"},\"query-input\":{\"@type\":\"PropertyValueSpecification\",\"valueRequired\":true,\"valueName\":\"search_term_string\"}}],\"inLanguage\":\"es\"},{\"@type\":\"Person\",\"@id\":\"\",\"url\":\"https:\/\/medicina.udd.cl\/unidad-calidad\/noticias\/author\/\"}]}<\/script>\n<!-- \/ Yoast SEO plugin. -->","yoast_head_json":{"title":"Medicina UDD recibe acreditaci\u00f3n por 6 a\u00f1os - Unidad de Calidad (UNICA)","robots":{"index":"index","follow":"follow","max-snippet":"max-snippet:-1","max-image-preview":"max-image-preview:large","max-video-preview":"max-video-preview:-1"},"canonical":"https:\/\/medicina.udd.cl\/unidad-calidad\/noticias\/2015\/07\/06\/medicina-udd-recibe-acreditacion-por-6-anos\/","og_locale":"es_ES","og_type":"article","og_title":"Medicina UDD recibe acreditaci\u00f3n por 6 a\u00f1os - Unidad de Calidad (UNICA)","og_description":"La Agencia Acreditadora de Chile otorg\u00f3 la certificaci\u00f3n de calidad a esta carrera para el per\u00edodo junio 2015 \u2013 junio 2021.","og_url":"https:\/\/medicina.udd.cl\/unidad-calidad\/noticias\/2015\/07\/06\/medicina-udd-recibe-acreditacion-por-6-anos\/","og_site_name":"Unidad de Calidad (UNICA)","article_published_time":"2015-07-06T15:02:09+00:00","og_image":[{"width":3092,"height":1781,"url":"https:\/\/medicina.udd.cl\/unidad-calidad\/files\/2015\/07\/Acreditaci\u00f3n-carrera-de-Medicina.jpg","type":"image\/jpeg"}],"twitter_misc":{"Escrito por":"","Tiempo de lectura":"1 minuto"},"schema":{"@context":"https:\/\/schema.org","@graph":[{"@type":"Article","@id":"https:\/\/medicina.udd.cl\/unidad-calidad\/noticias\/2015\/07\/06\/medicina-udd-recibe-acreditacion-por-6-anos\/#article","isPartOf":{"@id":"https:\/\/medicina.udd.cl\/unidad-calidad\/noticias\/2015\/07\/06\/medicina-udd-recibe-acreditacion-por-6-anos\/"},"author":{"name":"","@id":""},"headline":"Medicina UDD recibe acreditaci\u00f3n por 6 a\u00f1os","datePublished":"2015-07-06T15:02:09+00:00","mainEntityOfPage":{"@id":"https:\/\/medicina.udd.cl\/unidad-calidad\/noticias\/2015\/07\/06\/medicina-udd-recibe-acreditacion-por-6-anos\/"},"wordCount":274,"commentCount":0,"image":{"@id":"https:\/\/medicina.udd.cl\/unidad-calidad\/noticias\/2015\/07\/06\/medicina-udd-recibe-acreditacion-por-6-anos\/#primaryimage"},"thumbnailUrl":"https:\/\/medicina.udd.cl\/unidad-calidad\/files\/2015\/07\/Acreditaci\u00f3n-carrera-de-Medicina.jpg","articleSection":["Noticias"],"inLanguage":"es","potentialAction":[{"@type":"CommentAction","name":"Comment","target":["https:\/\/medicina.udd.cl\/unidad-calidad\/noticias\/2015\/07\/06\/medicina-udd-recibe-acreditacion-por-6-anos\/#respond"]}]},{"@type":"WebPage","@id":"https:\/\/medicina.udd.cl\/unidad-calidad\/noticias\/2015\/07\/06\/medicina-udd-recibe-acreditacion-por-6-anos\/","url":"https:\/\/medicina.udd.cl\/unidad-calidad\/noticias\/2015\/07\/06\/medicina-udd-recibe-acreditacion-por-6-anos\/","name":"Medicina UDD recibe acreditaci\u00f3n por 6 a\u00f1os - Unidad de Calidad (UNICA)","isPartOf":{"@id":"https:\/\/medicina.udd.cl\/unidad-calidad\/#website"},"primaryImageOfPage":{"@id":"https:\/\/medicina.udd.cl\/unidad-calidad\/noticias\/2015\/07\/06\/medicina-udd-recibe-acreditacion-por-6-anos\/#primaryimage"},"image":{"@id":"https:\/\/medicina.udd.cl\/unidad-calidad\/noticias\/2015\/07\/06\/medicina-udd-recibe-acreditacion-por-6-anos\/#primaryimage"},"thumbnailUrl":"https:\/\/medicina.udd.cl\/unidad-calidad\/files\/2015\/07\/Acreditaci\u00f3n-carrera-de-Medicina.jpg","datePublished":"2015-07-06T15:02:09+00:00","author":{"@id":""},"breadcrumb":{"@id":"https:\/\/medicina.udd.cl\/unidad-calidad\/noticias\/2015\/07\/06\/medicina-udd-recibe-acreditacion-por-6-anos\/#breadcrumb"},"inLanguage":"es","potentialAction":[{"@type":"ReadAction","target":["https:\/\/medicina.udd.cl\/unidad-calidad\/noticias\/2015\/07\/06\/medicina-udd-recibe-acreditacion-por-6-anos\/"]}]},{"@type":"ImageObject","inLanguage":"es","@id":"https:\/\/medicina.udd.cl\/unidad-calidad\/noticias\/2015\/07\/06\/medicina-udd-recibe-acreditacion-por-6-anos\/#primaryimage","url":"https:\/\/medicina.udd.cl\/unidad-calidad\/files\/2015\/07\/Acreditaci\u00f3n-carrera-de-Medicina.jpg","contentUrl":"https:\/\/medicina.udd.cl\/unidad-calidad\/files\/2015\/07\/Acreditaci\u00f3n-carrera-de-Medicina.jpg","width":3092,"height":1781},{"@type":"BreadcrumbList","@id":"https:\/\/medicina.udd.cl\/unidad-calidad\/noticias\/2015\/07\/06\/medicina-udd-recibe-acreditacion-por-6-anos\/#breadcrumb","itemListElement":[{"@type":"ListItem","position":1,"name":"Home","item":"https:\/\/medicina.udd.cl\/unidad-calidad\/"},{"@type":"ListItem","position":2,"name":"Medicina UDD recibe acreditaci\u00f3n por 6 a\u00f1os"}]},{"@type":"WebSite","@id":"https:\/\/medicina.udd.cl\/unidad-calidad\/#website","url":"https:\/\/medicina.udd.cl\/unidad-calidad\/","name":"Unidad de Calidad (UNICA)","description":"Facultad de Medicina Cl\u00ednica Alemana Universidad del Desarrollo","potentialAction":[{"@type":"SearchAction","target":{"@type":"EntryPoint","urlTemplate":"https:\/\/medicina.udd.cl\/unidad-calidad\/?s={search_term_string}"},"query-input":{"@type":"PropertyValueSpecification","valueRequired":true,"valueName":"search_term_string"}}],"inLanguage":"es"},{"@type":"Person","@id":"","url":"https:\/\/medicina.udd.cl\/unidad-calidad\/noticias\/author\/"}]}},"_links":{"self":[{"href":"https:\/\/medicina.udd.cl\/unidad-calidad\/wp-json\/wp\/v2\/posts\/736","targetHints":{"allow":["GET"]}}],"collection":[{"href":"https:\/\/medicina.udd.cl\/unidad-calidad\/wp-json\/wp\/v2\/posts"}],"about":[{"href":"https:\/\/medicina.udd.cl\/unidad-calidad\/wp-json\/wp\/v2\/types\/post"}],"author":[{"embeddable":true,"href":"https:\/\/medicina.udd.cl\/unidad-calidad\/wp-json\/wp\/v2\/users\/42"}],"replies":[{"embeddable":true,"href":"https:\/\/medicina.udd.cl\/unidad-calidad\/wp-json\/wp\/v2\/comments?post=736"}],"version-history":[{"count":1,"href":"https:\/\/medicina.udd.cl\/unidad-calidad\/wp-json\/wp\/v2\/posts\/736\/revisions"}],"predecessor-version":[{"id":738,"href":"https:\/\/medicina.udd.cl\/unidad-calidad\/wp-json\/wp\/v2\/posts\/736\/revisions\/738"}],"wp:featuredmedia":[{"embeddable":true,"href":"https:\/\/medicina.udd.cl\/unidad-calidad\/wp-json\/wp\/v2\/media\/737"}],"wp:attachment":[{"href":"https:\/\/medicina.udd.cl\/unidad-calidad\/wp-json\/wp\/v2\/media?parent=736"}],"wp:term":[{"taxonomy":"category","embeddable":true,"href":"https:\/\/medicina.udd.cl\/unidad-calidad\/wp-json\/wp\/v2\/categories?post=736"},{"taxonomy":"post_tag","embeddable":true,"href":"https:\/\/medicina.udd.cl\/unidad-calidad\/wp-json\/wp\/v2\/tags?post=736"}],"curies":[{"name":"wp","href":"https:\/\/api.w.org\/{rel}","templated":true}]}}