{"id":808,"date":"2015-11-18T12:20:03","date_gmt":"2015-11-18T15:20:03","guid":{"rendered":"http:\/\/medicina.udd.cl\/unidad-calidad\/?p=808"},"modified":"2015-11-18T12:50:02","modified_gmt":"2015-11-18T15:50:02","slug":"trabajo-y-compromiso-en-jornada-de-docentes-de-tecnologia-medica","status":"publish","type":"post","link":"https:\/\/medicina.udd.cl\/unidad-calidad\/noticias\/2015\/11\/18\/trabajo-y-compromiso-en-jornada-de-docentes-de-tecnologia-medica\/","title":{"rendered":"Trabajo y compromiso en jornada de docentes de Tecnolog\u00eda M\u00e9dica"},"content":{"rendered":"<div class=\"gallery gallery-post\" id=\"gallery-808-1\"><div class=\"gallery-post-feature gallery-item\"><\/div><div class=\"gallery-carousel\"><div id=\"nav-post-gallery-gallery-808-1\" class=\"crsl-nav\"><a href=\"#\" class=\"previous icon icon-caret-left\"><\/a><a href=\"#\" class=\"next icon icon-caret-right\"><\/a><\/div><div id=\"post-gallery-gallery-808-1\" class=\"crsl-items\" data-navigation=\"nav-post-gallery-gallery-808-1\" data-crsl='{ \"visible\": 4, \"itemMargin\": 10 }'><div class=\"crsl-wrap\"><figure class=\"gallery-item crsl-item crsl-active\"><a href=\"https:\/\/medicina.udd.cl\/unidad-calidad\/files\/2015\/11\/Proceso-de-Acreditaci\u00f3n-TM-2-450x430.jpg\" title=\"Proceso de Acreditaci\u00f3n TM (2)\" class=\"gallery-thumb\" id=\"thumbnail-800-0\" data-full-url=\"https:\/\/medicina.udd.cl\/unidad-calidad\/files\/2015\/11\/Proceso-de-Acreditaci\u00f3n-TM-2.jpg\"><img decoding=\"async\" src=\"https:\/\/medicina.udd.cl\/unidad-calidad\/files\/2015\/11\/Proceso-de-Acreditaci\u00f3n-TM-2-125x80.jpg\" class=\"full-width\" alt=\"Proceso de Acreditaci\u00f3n TM (2)\"><\/a><\/figure><figure class=\"gallery-item crsl-item\"><a href=\"https:\/\/medicina.udd.cl\/unidad-calidad\/files\/2015\/11\/Proceso-de-Acreditaci\u00f3n-TM-8-660x430.jpg\" title=\"Proceso de Acreditaci\u00f3n TM (8)\" class=\"gallery-thumb\" id=\"thumbnail-806-1\" data-full-url=\"https:\/\/medicina.udd.cl\/unidad-calidad\/files\/2015\/11\/Proceso-de-Acreditaci\u00f3n-TM-8.jpg\"><img decoding=\"async\" src=\"https:\/\/medicina.udd.cl\/unidad-calidad\/files\/2015\/11\/Proceso-de-Acreditaci\u00f3n-TM-8-125x80.jpg\" class=\"full-width\" alt=\"Proceso de Acreditaci\u00f3n TM (8)\"><\/a><\/figure><figure class=\"gallery-item crsl-item\"><a href=\"https:\/\/medicina.udd.cl\/unidad-calidad\/files\/2015\/11\/Proceso-de-Acreditaci\u00f3n-TM-1-600x430.jpg\" title=\"Proceso de Acreditaci\u00f3n TM (1)\" class=\"gallery-thumb\" id=\"thumbnail-799-2\" data-full-url=\"https:\/\/medicina.udd.cl\/unidad-calidad\/files\/2015\/11\/Proceso-de-Acreditaci\u00f3n-TM-1.jpg\"><img decoding=\"async\" src=\"https:\/\/medicina.udd.cl\/unidad-calidad\/files\/2015\/11\/Proceso-de-Acreditaci\u00f3n-TM-1-125x80.jpg\" class=\"full-width\" alt=\"Proceso de Acreditaci\u00f3n TM (1)\"><\/a><\/figure><figure class=\"gallery-item crsl-item\"><a href=\"https:\/\/medicina.udd.cl\/unidad-calidad\/files\/2015\/11\/Proceso-de-Acreditaci\u00f3n-TM-10-660x430.jpg\" title=\"Proceso de Acreditaci\u00f3n TM (10)\" class=\"gallery-thumb\" id=\"thumbnail-798-3\" data-full-url=\"https:\/\/medicina.udd.cl\/unidad-calidad\/files\/2015\/11\/Proceso-de-Acreditaci\u00f3n-TM-10.jpg\"><img decoding=\"async\" src=\"https:\/\/medicina.udd.cl\/unidad-calidad\/files\/2015\/11\/Proceso-de-Acreditaci\u00f3n-TM-10-125x80.jpg\" class=\"full-width\" alt=\"Proceso de Acreditaci\u00f3n TM (10)\"><\/a><\/figure><figure class=\"gallery-item crsl-item\"><a href=\"https:\/\/medicina.udd.cl\/unidad-calidad\/files\/2015\/11\/Proceso-de-Acreditaci\u00f3n-TM-3-660x430.jpg\" title=\"Proceso de Acreditaci\u00f3n TM (3)\" class=\"gallery-thumb\" id=\"thumbnail-801-4\" data-full-url=\"https:\/\/medicina.udd.cl\/unidad-calidad\/files\/2015\/11\/Proceso-de-Acreditaci\u00f3n-TM-3.jpg\"><img decoding=\"async\" src=\"https:\/\/medicina.udd.cl\/unidad-calidad\/files\/2015\/11\/Proceso-de-Acreditaci\u00f3n-TM-3-125x80.jpg\" class=\"full-width\" alt=\"Proceso de Acreditaci\u00f3n TM (3)\"><\/a><\/figure><figure class=\"gallery-item crsl-item\"><a href=\"https:\/\/medicina.udd.cl\/unidad-calidad\/files\/2015\/11\/Proceso-de-Acreditaci\u00f3n-TM-7-659x430.jpg\" title=\"Proceso de Acreditaci\u00f3n TM (7)\" class=\"gallery-thumb\" id=\"thumbnail-805-5\" data-full-url=\"https:\/\/medicina.udd.cl\/unidad-calidad\/files\/2015\/11\/Proceso-de-Acreditaci\u00f3n-TM-7.jpg\"><img decoding=\"async\" src=\"https:\/\/medicina.udd.cl\/unidad-calidad\/files\/2015\/11\/Proceso-de-Acreditaci\u00f3n-TM-7-125x80.jpg\" class=\"full-width\" alt=\"Proceso de Acreditaci\u00f3n TM (7)\"><\/a><\/figure><figure class=\"gallery-item crsl-item\"><a href=\"https:\/\/medicina.udd.cl\/unidad-calidad\/files\/2015\/11\/Proceso-de-Acreditaci\u00f3n-TM-9-595x430.jpg\" title=\"Proceso de Acreditaci\u00f3n TM (9)\" class=\"gallery-thumb\" id=\"thumbnail-807-6\" data-full-url=\"https:\/\/medicina.udd.cl\/unidad-calidad\/files\/2015\/11\/Proceso-de-Acreditaci\u00f3n-TM-9.jpg\"><img decoding=\"async\" src=\"https:\/\/medicina.udd.cl\/unidad-calidad\/files\/2015\/11\/Proceso-de-Acreditaci\u00f3n-TM-9-125x80.jpg\" class=\"full-width\" alt=\"Proceso de Acreditaci\u00f3n TM (9)\"><\/a><\/figure><figure class=\"gallery-item crsl-item\"><a href=\"https:\/\/medicina.udd.cl\/unidad-calidad\/files\/2015\/11\/Proceso-de-Acreditaci\u00f3n-TM-6-450x430.jpg\" title=\"Proceso de Acreditaci\u00f3n TM (6)\" class=\"gallery-thumb\" id=\"thumbnail-804-7\" data-full-url=\"https:\/\/medicina.udd.cl\/unidad-calidad\/files\/2015\/11\/Proceso-de-Acreditaci\u00f3n-TM-6.jpg\"><img decoding=\"async\" src=\"https:\/\/medicina.udd.cl\/unidad-calidad\/files\/2015\/11\/Proceso-de-Acreditaci\u00f3n-TM-6-125x80.jpg\" class=\"full-width\" alt=\"Proceso de Acreditaci\u00f3n TM (6)\"><\/a><\/figure><figure class=\"gallery-item crsl-item\"><a href=\"https:\/\/medicina.udd.cl\/unidad-calidad\/files\/2015\/11\/Proceso-de-Acreditaci\u00f3n-TM-5-450x430.jpg\" title=\"Proceso de Acreditaci\u00f3n TM (5)\" class=\"gallery-thumb\" id=\"thumbnail-803-8\" data-full-url=\"https:\/\/medicina.udd.cl\/unidad-calidad\/files\/2015\/11\/Proceso-de-Acreditaci\u00f3n-TM-5.jpg\"><img decoding=\"async\" src=\"https:\/\/medicina.udd.cl\/unidad-calidad\/files\/2015\/11\/Proceso-de-Acreditaci\u00f3n-TM-5-125x80.jpg\" class=\"full-width\" alt=\"Proceso de Acreditaci\u00f3n TM (5)\"><\/a><\/figure><figure class=\"gallery-item crsl-item\"><a href=\"https:\/\/medicina.udd.cl\/unidad-calidad\/files\/2015\/11\/Proceso-de-Acreditaci\u00f3n-TM-4-450x430.jpg\" title=\"Proceso de Acreditaci\u00f3n TM (4)\" class=\"gallery-thumb\" id=\"thumbnail-802-9\" data-full-url=\"https:\/\/medicina.udd.cl\/unidad-calidad\/files\/2015\/11\/Proceso-de-Acreditaci\u00f3n-TM-4.jpg\"><img decoding=\"async\" src=\"https:\/\/medicina.udd.cl\/unidad-calidad\/files\/2015\/11\/Proceso-de-Acreditaci\u00f3n-TM-4-125x80.jpg\" class=\"full-width\" alt=\"Proceso de Acreditaci\u00f3n TM (4)\"><\/a><\/figure><\/div><\/div><\/div><\/div>\n<p style=\"text-align: justify\">Alta convocatoria, trabajo colaborativo y camarader\u00eda fueron algunos de los elementos que predominaron en la jornada de docentes de Tecnolog\u00eda M\u00e9dica realizada el pasado viernes 13 de noviembre en el Hotel Regal Pacific de Santiago.<\/p>\n<p style=\"text-align: justify\">La idea principal de la reuni\u00f3n fue analizar los 9 criterios que incluye la CNA (Comisi\u00f3n nacional de Acreditaci\u00f3n) para las acreditaciones de pregrado, presentar un balance acerca de lo que ha sido este proceso para la carrera y recopilar la opini\u00f3n de los docentes respecto de variados aspectos relacionados con el aseguramiento de la calidad en Tecnolog\u00eda M\u00e9dica UDD.<\/p>\n<p style=\"text-align: justify\"><strong>Aporte a la evaluaci\u00f3n interna y de calidad<\/strong><\/p>\n<p style=\"text-align: justify\">La directora de carrera, Mar\u00eda Adriana Parra, dio la bienvenida a la jornada mencionando que la preparaci\u00f3n para la acreditaci\u00f3n ha significado un trabajo duro y que sus expectativas al respecto son las m\u00e1s altas, avalados por la rigurosidad con que han trabajado en los a\u00f1os de existencia de la carrera en la UDD.<\/p>\n<p style=\"text-align: justify\">Adem\u00e1s, de parte de Katherine Mar\u00edn, Directora de la Unidad de Calidad y Registro de la Facultad de Medicina, los docentes pudieron conocer los pasos por los que ha avanzado la carrera en este camino a la acreditaci\u00f3n, puntualizando las distintas etapas y las fases que quedan por cumplir.<\/p>\n<p style=\"text-align: justify\">Por su parte, Ra\u00fal Torres, Coordinador de Imagenolog\u00eda y F\u00edsica M\u00e9dica y docente, evalu\u00f3 la jornada como \u201cuna gran oportunidad de compartir perspectivas diferentes y de crecimiento junto a profesionales de \u00e1reas diversas. Creo que estas instancias son enriquecedoras y aportan a la evaluaci\u00f3n interna y de calidad\u201d.<\/p>\n<p style=\"text-align: justify\"><strong>En tierra derecha hacia la acreditaci\u00f3n<\/strong><\/p>\n<p style=\"text-align: justify\">Los docentes convocados, adem\u00e1s de realizar un intenso trabajo para la acreditaci\u00f3n de la carrera, compartieron sus particulares miradas frente a la formaci\u00f3n que est\u00e1n entregando a los alumnos, conversaron acerca de sus c\u00e1tedras o v\u00ednculo con la carrera e intercambiaron experiencias relacionadas con su quehacer diario.<\/p>\n<p style=\"text-align: justify\">Al respecto, Guislaine Aldana, Coordinadora de Gesti\u00f3n del Laboratorio y Asesora de Admisi\u00f3n, se mostr\u00f3 muy conforme del trabajo realizado, mencionando que \u201c\u00e9sta es una oportunidad de evaluar las opiniones e ideas de los docentes de diferentes especialidades, campos cl\u00ednicos y aula, para establecer una acci\u00f3n de mejora para las diversas dimensiones del proceso de autoevaluaci\u00f3n de nuestra carrera\u201d.<\/p>\n<p style=\"text-align: justify\">Finalmente, Mar\u00eda Adriana Parra agradeci\u00f3 la asistencia, la organizaci\u00f3n y la exigencia y compromiso demostrado por los asistentes. \u201cFue una instancia muy fruct\u00edfera y que nos servir\u00e1 para enriquecer el Informe de autoevaluaci\u00f3n en que nos hemos estado ocupando. Estamos trabajando para demostrar c\u00f3mo hemos llevado adelante nuestra carrera y de qu\u00e9 manera formamos a nuestros estudiantes. Esperamos que nuestros aspectos a mejorar sean reconocidos por los pares evaluadores como parte de la mejor formaci\u00f3n que queremos para nuestros alumnos. Tengo confianza y fe en lograr un buen resultado\u201d, enfatiz\u00f3.<\/p>\n","protected":false},"excerpt":{"rendered":"<p>Cerca de 30 docentes de Tecnolog\u00eda M\u00e9dica se reunieron el pasado viernes 13 de noviembre, para analizar los criterios que propone la Comisi\u00f3n Nacional de Acreditaci\u00f3n (CNA) a las carreras en proceso de autoevaluaci\u00f3n.<\/p>\n","protected":false},"author":47,"featured_media":798,"comment_status":"open","ping_status":"open","sticky":false,"template":"","format":"standard","meta":{"footnotes":""},"categories":[4],"tags":[],"class_list":["post-808","post","type-post","status-publish","format-standard","has-post-thumbnail","hentry","category-noticias"],"yoast_head":"<!-- This site is optimized with the Yoast SEO plugin v26.9 - https:\/\/yoast.com\/product\/yoast-seo-wordpress\/ -->\n<title>Trabajo y compromiso en jornada de docentes de Tecnolog\u00eda M\u00e9dica<\/title>\n<meta name=\"description\" content=\"Alta convocatoria, trabajo colaborativo y camarader\u00eda fueron algunos de los elementos que predominaron en la jornada de docentes de Tecnolog\u00eda M\u00e9dica realizada el pasado viernes 13 de noviembre en el Hotel Regal Pacific de Santiago.\" \/>\n<meta name=\"robots\" content=\"index, follow, max-snippet:-1, max-image-preview:large, max-video-preview:-1\" \/>\n<link rel=\"canonical\" href=\"https:\/\/medicina.udd.cl\/unidad-calidad\/noticias\/2015\/11\/18\/trabajo-y-compromiso-en-jornada-de-docentes-de-tecnologia-medica\/\" \/>\n<meta property=\"og:locale\" content=\"es_ES\" \/>\n<meta property=\"og:type\" content=\"article\" \/>\n<meta property=\"og:title\" content=\"Trabajo y compromiso en jornada de docentes de Tecnolog\u00eda M\u00e9dica\" \/>\n<meta property=\"og:description\" content=\"Alta convocatoria, trabajo colaborativo y camarader\u00eda fueron algunos de los elementos que predominaron en la jornada de docentes de Tecnolog\u00eda M\u00e9dica realizada el pasado viernes 13 de noviembre en el Hotel Regal Pacific de Santiago.\" \/>\n<meta property=\"og:url\" content=\"https:\/\/medicina.udd.cl\/unidad-calidad\/noticias\/2015\/11\/18\/trabajo-y-compromiso-en-jornada-de-docentes-de-tecnologia-medica\/\" \/>\n<meta property=\"og:site_name\" content=\"Unidad de Calidad (UNICA)\" \/>\n<meta property=\"article:published_time\" content=\"2015-11-18T15:20:03+00:00\" \/>\n<meta property=\"article:modified_time\" content=\"2015-11-18T15:50:02+00:00\" \/>\n<meta property=\"og:image\" content=\"https:\/\/medicina.udd.cl\/unidad-calidad\/files\/2015\/11\/Proceso-de-Acreditaci\u00f3n-TM-10.jpg\" \/>\n\t<meta property=\"og:image:width\" content=\"791\" \/>\n\t<meta property=\"og:image:height\" content=\"450\" \/>\n\t<meta property=\"og:image:type\" content=\"image\/jpeg\" \/>\n<meta name=\"author\" content=\"rominagianotti\" \/>\n<meta name=\"twitter:label1\" content=\"Escrito por\" \/>\n\t<meta name=\"twitter:data1\" content=\"rominagianotti\" \/>\n\t<meta name=\"twitter:label2\" content=\"Tiempo de lectura\" \/>\n\t<meta name=\"twitter:data2\" content=\"2 minutos\" \/>\n<script type=\"application\/ld+json\" class=\"yoast-schema-graph\">{\"@context\":\"https:\/\/schema.org\",\"@graph\":[{\"@type\":\"Article\",\"@id\":\"https:\/\/medicina.udd.cl\/unidad-calidad\/noticias\/2015\/11\/18\/trabajo-y-compromiso-en-jornada-de-docentes-de-tecnologia-medica\/#article\",\"isPartOf\":{\"@id\":\"https:\/\/medicina.udd.cl\/unidad-calidad\/noticias\/2015\/11\/18\/trabajo-y-compromiso-en-jornada-de-docentes-de-tecnologia-medica\/\"},\"author\":{\"name\":\"rominagianotti\",\"@id\":\"https:\/\/medicina.udd.cl\/unidad-calidad\/#\/schema\/person\/d2a1450d36aff8cda548012f30ae8d47\"},\"headline\":\"Trabajo y compromiso en jornada de docentes de Tecnolog\u00eda M\u00e9dica\",\"datePublished\":\"2015-11-18T15:20:03+00:00\",\"dateModified\":\"2015-11-18T15:50:02+00:00\",\"mainEntityOfPage\":{\"@id\":\"https:\/\/medicina.udd.cl\/unidad-calidad\/noticias\/2015\/11\/18\/trabajo-y-compromiso-en-jornada-de-docentes-de-tecnologia-medica\/\"},\"wordCount\":511,\"commentCount\":0,\"image\":{\"@id\":\"https:\/\/medicina.udd.cl\/unidad-calidad\/noticias\/2015\/11\/18\/trabajo-y-compromiso-en-jornada-de-docentes-de-tecnologia-medica\/#primaryimage\"},\"thumbnailUrl\":\"https:\/\/medicina.udd.cl\/unidad-calidad\/files\/2015\/11\/Proceso-de-Acreditaci\u00f3n-TM-10.jpg\",\"articleSection\":[\"Noticias\"],\"inLanguage\":\"es\",\"potentialAction\":[{\"@type\":\"CommentAction\",\"name\":\"Comment\",\"target\":[\"https:\/\/medicina.udd.cl\/unidad-calidad\/noticias\/2015\/11\/18\/trabajo-y-compromiso-en-jornada-de-docentes-de-tecnologia-medica\/#respond\"]}]},{\"@type\":\"WebPage\",\"@id\":\"https:\/\/medicina.udd.cl\/unidad-calidad\/noticias\/2015\/11\/18\/trabajo-y-compromiso-en-jornada-de-docentes-de-tecnologia-medica\/\",\"url\":\"https:\/\/medicina.udd.cl\/unidad-calidad\/noticias\/2015\/11\/18\/trabajo-y-compromiso-en-jornada-de-docentes-de-tecnologia-medica\/\",\"name\":\"Trabajo y compromiso en jornada de docentes de Tecnolog\u00eda M\u00e9dica\",\"isPartOf\":{\"@id\":\"https:\/\/medicina.udd.cl\/unidad-calidad\/#website\"},\"primaryImageOfPage\":{\"@id\":\"https:\/\/medicina.udd.cl\/unidad-calidad\/noticias\/2015\/11\/18\/trabajo-y-compromiso-en-jornada-de-docentes-de-tecnologia-medica\/#primaryimage\"},\"image\":{\"@id\":\"https:\/\/medicina.udd.cl\/unidad-calidad\/noticias\/2015\/11\/18\/trabajo-y-compromiso-en-jornada-de-docentes-de-tecnologia-medica\/#primaryimage\"},\"thumbnailUrl\":\"https:\/\/medicina.udd.cl\/unidad-calidad\/files\/2015\/11\/Proceso-de-Acreditaci\u00f3n-TM-10.jpg\",\"datePublished\":\"2015-11-18T15:20:03+00:00\",\"dateModified\":\"2015-11-18T15:50:02+00:00\",\"author\":{\"@id\":\"https:\/\/medicina.udd.cl\/unidad-calidad\/#\/schema\/person\/d2a1450d36aff8cda548012f30ae8d47\"},\"description\":\"Alta convocatoria, trabajo colaborativo y camarader\u00eda fueron algunos de los elementos que predominaron en la jornada de docentes de Tecnolog\u00eda M\u00e9dica realizada el pasado viernes 13 de noviembre en el Hotel Regal Pacific de Santiago.\",\"breadcrumb\":{\"@id\":\"https:\/\/medicina.udd.cl\/unidad-calidad\/noticias\/2015\/11\/18\/trabajo-y-compromiso-en-jornada-de-docentes-de-tecnologia-medica\/#breadcrumb\"},\"inLanguage\":\"es\",\"potentialAction\":[{\"@type\":\"ReadAction\",\"target\":[\"https:\/\/medicina.udd.cl\/unidad-calidad\/noticias\/2015\/11\/18\/trabajo-y-compromiso-en-jornada-de-docentes-de-tecnologia-medica\/\"]}]},{\"@type\":\"ImageObject\",\"inLanguage\":\"es\",\"@id\":\"https:\/\/medicina.udd.cl\/unidad-calidad\/noticias\/2015\/11\/18\/trabajo-y-compromiso-en-jornada-de-docentes-de-tecnologia-medica\/#primaryimage\",\"url\":\"https:\/\/medicina.udd.cl\/unidad-calidad\/files\/2015\/11\/Proceso-de-Acreditaci\u00f3n-TM-10.jpg\",\"contentUrl\":\"https:\/\/medicina.udd.cl\/unidad-calidad\/files\/2015\/11\/Proceso-de-Acreditaci\u00f3n-TM-10.jpg\",\"width\":791,\"height\":450},{\"@type\":\"BreadcrumbList\",\"@id\":\"https:\/\/medicina.udd.cl\/unidad-calidad\/noticias\/2015\/11\/18\/trabajo-y-compromiso-en-jornada-de-docentes-de-tecnologia-medica\/#breadcrumb\",\"itemListElement\":[{\"@type\":\"ListItem\",\"position\":1,\"name\":\"Home\",\"item\":\"https:\/\/medicina.udd.cl\/unidad-calidad\/\"},{\"@type\":\"ListItem\",\"position\":2,\"name\":\"Trabajo y compromiso en jornada de docentes de Tecnolog\u00eda M\u00e9dica\"}]},{\"@type\":\"WebSite\",\"@id\":\"https:\/\/medicina.udd.cl\/unidad-calidad\/#website\",\"url\":\"https:\/\/medicina.udd.cl\/unidad-calidad\/\",\"name\":\"Unidad de Calidad (UNICA)\",\"description\":\"Facultad de Medicina Cl\u00ednica Alemana Universidad del Desarrollo\",\"potentialAction\":[{\"@type\":\"SearchAction\",\"target\":{\"@type\":\"EntryPoint\",\"urlTemplate\":\"https:\/\/medicina.udd.cl\/unidad-calidad\/?s={search_term_string}\"},\"query-input\":{\"@type\":\"PropertyValueSpecification\",\"valueRequired\":true,\"valueName\":\"search_term_string\"}}],\"inLanguage\":\"es\"},{\"@type\":\"Person\",\"@id\":\"https:\/\/medicina.udd.cl\/unidad-calidad\/#\/schema\/person\/d2a1450d36aff8cda548012f30ae8d47\",\"name\":\"rominagianotti\",\"image\":{\"@type\":\"ImageObject\",\"inLanguage\":\"es\",\"@id\":\"https:\/\/medicina.udd.cl\/unidad-calidad\/#\/schema\/person\/image\/\",\"url\":\"https:\/\/secure.gravatar.com\/avatar\/106dae79925154d9c4e321db25d50a6deb801d5b80ec313022dbea6ef60814cc?s=96&d=mm&r=g\",\"contentUrl\":\"https:\/\/secure.gravatar.com\/avatar\/106dae79925154d9c4e321db25d50a6deb801d5b80ec313022dbea6ef60814cc?s=96&d=mm&r=g\",\"caption\":\"rominagianotti\"},\"url\":\"https:\/\/medicina.udd.cl\/unidad-calidad\/noticias\/author\/rominagianotti\/\"}]}<\/script>\n<!-- \/ Yoast SEO plugin. -->","yoast_head_json":{"title":"Trabajo y compromiso en jornada de docentes de Tecnolog\u00eda M\u00e9dica","description":"Alta convocatoria, trabajo colaborativo y camarader\u00eda fueron algunos de los elementos que predominaron en la jornada de docentes de Tecnolog\u00eda M\u00e9dica realizada el pasado viernes 13 de noviembre en el Hotel Regal Pacific de Santiago.","robots":{"index":"index","follow":"follow","max-snippet":"max-snippet:-1","max-image-preview":"max-image-preview:large","max-video-preview":"max-video-preview:-1"},"canonical":"https:\/\/medicina.udd.cl\/unidad-calidad\/noticias\/2015\/11\/18\/trabajo-y-compromiso-en-jornada-de-docentes-de-tecnologia-medica\/","og_locale":"es_ES","og_type":"article","og_title":"Trabajo y compromiso en jornada de docentes de Tecnolog\u00eda M\u00e9dica","og_description":"Alta convocatoria, trabajo colaborativo y camarader\u00eda fueron algunos de los elementos que predominaron en la jornada de docentes de Tecnolog\u00eda M\u00e9dica realizada el pasado viernes 13 de noviembre en el Hotel Regal Pacific de Santiago.","og_url":"https:\/\/medicina.udd.cl\/unidad-calidad\/noticias\/2015\/11\/18\/trabajo-y-compromiso-en-jornada-de-docentes-de-tecnologia-medica\/","og_site_name":"Unidad de Calidad (UNICA)","article_published_time":"2015-11-18T15:20:03+00:00","article_modified_time":"2015-11-18T15:50:02+00:00","og_image":[{"width":791,"height":450,"url":"https:\/\/medicina.udd.cl\/unidad-calidad\/files\/2015\/11\/Proceso-de-Acreditaci\u00f3n-TM-10.jpg","type":"image\/jpeg"}],"author":"rominagianotti","twitter_misc":{"Escrito por":"rominagianotti","Tiempo de lectura":"2 minutos"},"schema":{"@context":"https:\/\/schema.org","@graph":[{"@type":"Article","@id":"https:\/\/medicina.udd.cl\/unidad-calidad\/noticias\/2015\/11\/18\/trabajo-y-compromiso-en-jornada-de-docentes-de-tecnologia-medica\/#article","isPartOf":{"@id":"https:\/\/medicina.udd.cl\/unidad-calidad\/noticias\/2015\/11\/18\/trabajo-y-compromiso-en-jornada-de-docentes-de-tecnologia-medica\/"},"author":{"name":"rominagianotti","@id":"https:\/\/medicina.udd.cl\/unidad-calidad\/#\/schema\/person\/d2a1450d36aff8cda548012f30ae8d47"},"headline":"Trabajo y compromiso en jornada de docentes de Tecnolog\u00eda M\u00e9dica","datePublished":"2015-11-18T15:20:03+00:00","dateModified":"2015-11-18T15:50:02+00:00","mainEntityOfPage":{"@id":"https:\/\/medicina.udd.cl\/unidad-calidad\/noticias\/2015\/11\/18\/trabajo-y-compromiso-en-jornada-de-docentes-de-tecnologia-medica\/"},"wordCount":511,"commentCount":0,"image":{"@id":"https:\/\/medicina.udd.cl\/unidad-calidad\/noticias\/2015\/11\/18\/trabajo-y-compromiso-en-jornada-de-docentes-de-tecnologia-medica\/#primaryimage"},"thumbnailUrl":"https:\/\/medicina.udd.cl\/unidad-calidad\/files\/2015\/11\/Proceso-de-Acreditaci\u00f3n-TM-10.jpg","articleSection":["Noticias"],"inLanguage":"es","potentialAction":[{"@type":"CommentAction","name":"Comment","target":["https:\/\/medicina.udd.cl\/unidad-calidad\/noticias\/2015\/11\/18\/trabajo-y-compromiso-en-jornada-de-docentes-de-tecnologia-medica\/#respond"]}]},{"@type":"WebPage","@id":"https:\/\/medicina.udd.cl\/unidad-calidad\/noticias\/2015\/11\/18\/trabajo-y-compromiso-en-jornada-de-docentes-de-tecnologia-medica\/","url":"https:\/\/medicina.udd.cl\/unidad-calidad\/noticias\/2015\/11\/18\/trabajo-y-compromiso-en-jornada-de-docentes-de-tecnologia-medica\/","name":"Trabajo y compromiso en jornada de docentes de Tecnolog\u00eda M\u00e9dica","isPartOf":{"@id":"https:\/\/medicina.udd.cl\/unidad-calidad\/#website"},"primaryImageOfPage":{"@id":"https:\/\/medicina.udd.cl\/unidad-calidad\/noticias\/2015\/11\/18\/trabajo-y-compromiso-en-jornada-de-docentes-de-tecnologia-medica\/#primaryimage"},"image":{"@id":"https:\/\/medicina.udd.cl\/unidad-calidad\/noticias\/2015\/11\/18\/trabajo-y-compromiso-en-jornada-de-docentes-de-tecnologia-medica\/#primaryimage"},"thumbnailUrl":"https:\/\/medicina.udd.cl\/unidad-calidad\/files\/2015\/11\/Proceso-de-Acreditaci\u00f3n-TM-10.jpg","datePublished":"2015-11-18T15:20:03+00:00","dateModified":"2015-11-18T15:50:02+00:00","author":{"@id":"https:\/\/medicina.udd.cl\/unidad-calidad\/#\/schema\/person\/d2a1450d36aff8cda548012f30ae8d47"},"description":"Alta convocatoria, trabajo colaborativo y camarader\u00eda fueron algunos de los elementos que predominaron en la jornada de docentes de Tecnolog\u00eda M\u00e9dica realizada el pasado viernes 13 de noviembre en el Hotel Regal Pacific de Santiago.","breadcrumb":{"@id":"https:\/\/medicina.udd.cl\/unidad-calidad\/noticias\/2015\/11\/18\/trabajo-y-compromiso-en-jornada-de-docentes-de-tecnologia-medica\/#breadcrumb"},"inLanguage":"es","potentialAction":[{"@type":"ReadAction","target":["https:\/\/medicina.udd.cl\/unidad-calidad\/noticias\/2015\/11\/18\/trabajo-y-compromiso-en-jornada-de-docentes-de-tecnologia-medica\/"]}]},{"@type":"ImageObject","inLanguage":"es","@id":"https:\/\/medicina.udd.cl\/unidad-calidad\/noticias\/2015\/11\/18\/trabajo-y-compromiso-en-jornada-de-docentes-de-tecnologia-medica\/#primaryimage","url":"https:\/\/medicina.udd.cl\/unidad-calidad\/files\/2015\/11\/Proceso-de-Acreditaci\u00f3n-TM-10.jpg","contentUrl":"https:\/\/medicina.udd.cl\/unidad-calidad\/files\/2015\/11\/Proceso-de-Acreditaci\u00f3n-TM-10.jpg","width":791,"height":450},{"@type":"BreadcrumbList","@id":"https:\/\/medicina.udd.cl\/unidad-calidad\/noticias\/2015\/11\/18\/trabajo-y-compromiso-en-jornada-de-docentes-de-tecnologia-medica\/#breadcrumb","itemListElement":[{"@type":"ListItem","position":1,"name":"Home","item":"https:\/\/medicina.udd.cl\/unidad-calidad\/"},{"@type":"ListItem","position":2,"name":"Trabajo y compromiso en jornada de docentes de Tecnolog\u00eda M\u00e9dica"}]},{"@type":"WebSite","@id":"https:\/\/medicina.udd.cl\/unidad-calidad\/#website","url":"https:\/\/medicina.udd.cl\/unidad-calidad\/","name":"Unidad de Calidad (UNICA)","description":"Facultad de Medicina Cl\u00ednica Alemana Universidad del Desarrollo","potentialAction":[{"@type":"SearchAction","target":{"@type":"EntryPoint","urlTemplate":"https:\/\/medicina.udd.cl\/unidad-calidad\/?s={search_term_string}"},"query-input":{"@type":"PropertyValueSpecification","valueRequired":true,"valueName":"search_term_string"}}],"inLanguage":"es"},{"@type":"Person","@id":"https:\/\/medicina.udd.cl\/unidad-calidad\/#\/schema\/person\/d2a1450d36aff8cda548012f30ae8d47","name":"rominagianotti","image":{"@type":"ImageObject","inLanguage":"es","@id":"https:\/\/medicina.udd.cl\/unidad-calidad\/#\/schema\/person\/image\/","url":"https:\/\/secure.gravatar.com\/avatar\/106dae79925154d9c4e321db25d50a6deb801d5b80ec313022dbea6ef60814cc?s=96&d=mm&r=g","contentUrl":"https:\/\/secure.gravatar.com\/avatar\/106dae79925154d9c4e321db25d50a6deb801d5b80ec313022dbea6ef60814cc?s=96&d=mm&r=g","caption":"rominagianotti"},"url":"https:\/\/medicina.udd.cl\/unidad-calidad\/noticias\/author\/rominagianotti\/"}]}},"_links":{"self":[{"href":"https:\/\/medicina.udd.cl\/unidad-calidad\/wp-json\/wp\/v2\/posts\/808","targetHints":{"allow":["GET"]}}],"collection":[{"href":"https:\/\/medicina.udd.cl\/unidad-calidad\/wp-json\/wp\/v2\/posts"}],"about":[{"href":"https:\/\/medicina.udd.cl\/unidad-calidad\/wp-json\/wp\/v2\/types\/post"}],"author":[{"embeddable":true,"href":"https:\/\/medicina.udd.cl\/unidad-calidad\/wp-json\/wp\/v2\/users\/47"}],"replies":[{"embeddable":true,"href":"https:\/\/medicina.udd.cl\/unidad-calidad\/wp-json\/wp\/v2\/comments?post=808"}],"version-history":[{"count":6,"href":"https:\/\/medicina.udd.cl\/unidad-calidad\/wp-json\/wp\/v2\/posts\/808\/revisions"}],"predecessor-version":[{"id":814,"href":"https:\/\/medicina.udd.cl\/unidad-calidad\/wp-json\/wp\/v2\/posts\/808\/revisions\/814"}],"wp:featuredmedia":[{"embeddable":true,"href":"https:\/\/medicina.udd.cl\/unidad-calidad\/wp-json\/wp\/v2\/media\/798"}],"wp:attachment":[{"href":"https:\/\/medicina.udd.cl\/unidad-calidad\/wp-json\/wp\/v2\/media?parent=808"}],"wp:term":[{"taxonomy":"category","embeddable":true,"href":"https:\/\/medicina.udd.cl\/unidad-calidad\/wp-json\/wp\/v2\/categories?post=808"},{"taxonomy":"post_tag","embeddable":true,"href":"https:\/\/medicina.udd.cl\/unidad-calidad\/wp-json\/wp\/v2\/tags?post=808"}],"curies":[{"name":"wp","href":"https:\/\/api.w.org\/{rel}","templated":true}]}}