{"id":906,"date":"2016-08-11T09:37:14","date_gmt":"2016-08-11T13:37:14","guid":{"rendered":"http:\/\/medicina.udd.cl\/unidad-calidad\/?p=906"},"modified":"2016-08-12T13:42:09","modified_gmt":"2016-08-12T17:42:09","slug":"facultad-de-medicina-realizo-positivo-claustro-academico-de-ciencias-basicas","status":"publish","type":"post","link":"https:\/\/medicina.udd.cl\/unidad-calidad\/noticias\/2016\/08\/11\/facultad-de-medicina-realizo-positivo-claustro-academico-de-ciencias-basicas\/","title":{"rendered":"Facultad de Medicina realiz\u00f3 positivo Claustro Acad\u00e9mico de Ciencias B\u00e1sicas"},"content":{"rendered":"<div class=\"gallery gallery-post\" id=\"gallery-906-1\"><div class=\"gallery-post-feature gallery-item\"><\/div><div class=\"gallery-carousel\"><div id=\"nav-post-gallery-gallery-906-1\" class=\"crsl-nav\"><a href=\"#\" class=\"previous icon icon-caret-left\"><\/a><a href=\"#\" class=\"next icon icon-caret-right\"><\/a><\/div><div id=\"post-gallery-gallery-906-1\" class=\"crsl-items\" data-navigation=\"nav-post-gallery-gallery-906-1\" data-crsl='{ \"visible\": 4, \"itemMargin\": 10 }'><div class=\"crsl-wrap\"><figure class=\"gallery-item crsl-item crsl-active\"><a href=\"https:\/\/medicina.udd.cl\/unidad-calidad\/files\/2016\/08\/Claustro-en-Ciencias-B\u00e1sicas-1-660x430.jpg\" title=\"Claustro en Ciencias B\u00e1sicas (1)\" class=\"gallery-thumb\" id=\"thumbnail-907-0\" data-full-url=\"https:\/\/medicina.udd.cl\/unidad-calidad\/files\/2016\/08\/Claustro-en-Ciencias-B\u00e1sicas-1.jpg\"><img decoding=\"async\" src=\"https:\/\/medicina.udd.cl\/unidad-calidad\/files\/2016\/08\/Claustro-en-Ciencias-B\u00e1sicas-1-125x80.jpg\" class=\"full-width\" alt=\"Claustro en Ciencias B\u00e1sicas (1)\"><\/a><\/figure><figure class=\"gallery-item crsl-item\"><a href=\"https:\/\/medicina.udd.cl\/unidad-calidad\/files\/2016\/08\/Claustro-en-Ciencias-B\u00e1sicas-2-660x430.jpg\" title=\"Claustro en Ciencias B\u00e1sicas (2)\" class=\"gallery-thumb\" id=\"thumbnail-908-1\" data-full-url=\"https:\/\/medicina.udd.cl\/unidad-calidad\/files\/2016\/08\/Claustro-en-Ciencias-B\u00e1sicas-2.jpg\"><img decoding=\"async\" src=\"https:\/\/medicina.udd.cl\/unidad-calidad\/files\/2016\/08\/Claustro-en-Ciencias-B\u00e1sicas-2-125x80.jpg\" class=\"full-width\" alt=\"Claustro en Ciencias B\u00e1sicas (2)\"><\/a><\/figure><figure class=\"gallery-item crsl-item\"><a href=\"https:\/\/medicina.udd.cl\/unidad-calidad\/files\/2016\/08\/Claustro-en-Ciencias-B\u00e1sicas-3-660x430.jpg\" title=\"Claustro en Ciencias B\u00e1sicas (3)\" class=\"gallery-thumb\" id=\"thumbnail-909-2\" data-full-url=\"https:\/\/medicina.udd.cl\/unidad-calidad\/files\/2016\/08\/Claustro-en-Ciencias-B\u00e1sicas-3.jpg\"><img decoding=\"async\" src=\"https:\/\/medicina.udd.cl\/unidad-calidad\/files\/2016\/08\/Claustro-en-Ciencias-B\u00e1sicas-3-125x80.jpg\" class=\"full-width\" alt=\"Claustro en Ciencias B\u00e1sicas (3)\"><\/a><\/figure><figure class=\"gallery-item crsl-item\"><a href=\"https:\/\/medicina.udd.cl\/unidad-calidad\/files\/2016\/08\/Claustro-en-Ciencias-B\u00e1sicas-4-660x430.jpg\" title=\"Claustro en Ciencias B\u00e1sicas (4)\" class=\"gallery-thumb\" id=\"thumbnail-910-3\" data-full-url=\"https:\/\/medicina.udd.cl\/unidad-calidad\/files\/2016\/08\/Claustro-en-Ciencias-B\u00e1sicas-4.jpg\"><img decoding=\"async\" src=\"https:\/\/medicina.udd.cl\/unidad-calidad\/files\/2016\/08\/Claustro-en-Ciencias-B\u00e1sicas-4-125x80.jpg\" class=\"full-width\" alt=\"Claustro en Ciencias B\u00e1sicas (4)\"><\/a><\/figure><figure class=\"gallery-item crsl-item\"><a href=\"https:\/\/medicina.udd.cl\/unidad-calidad\/files\/2016\/08\/Claustro-en-Ciencias-B\u00e1sicas-5-660x430.jpg\" title=\"Claustro en Ciencias B\u00e1sicas (5)\" class=\"gallery-thumb\" id=\"thumbnail-911-4\" data-full-url=\"https:\/\/medicina.udd.cl\/unidad-calidad\/files\/2016\/08\/Claustro-en-Ciencias-B\u00e1sicas-5.jpg\"><img decoding=\"async\" src=\"https:\/\/medicina.udd.cl\/unidad-calidad\/files\/2016\/08\/Claustro-en-Ciencias-B\u00e1sicas-5-125x80.jpg\" class=\"full-width\" alt=\"Claustro en Ciencias B\u00e1sicas (5)\"><\/a><\/figure><figure class=\"gallery-item crsl-item\"><a href=\"https:\/\/medicina.udd.cl\/unidad-calidad\/files\/2016\/08\/Claustro-en-Ciencias-B\u00e1sicas-6-660x430.jpg\" title=\"Claustro en Ciencias B\u00e1sicas (6)\" class=\"gallery-thumb\" id=\"thumbnail-912-5\" data-full-url=\"https:\/\/medicina.udd.cl\/unidad-calidad\/files\/2016\/08\/Claustro-en-Ciencias-B\u00e1sicas-6.jpg\"><img decoding=\"async\" src=\"https:\/\/medicina.udd.cl\/unidad-calidad\/files\/2016\/08\/Claustro-en-Ciencias-B\u00e1sicas-6-125x80.jpg\" class=\"full-width\" alt=\"Claustro en Ciencias B\u00e1sicas (6)\"><\/a><\/figure><figure class=\"gallery-item crsl-item\"><a href=\"https:\/\/medicina.udd.cl\/unidad-calidad\/files\/2016\/08\/Claustro-en-Ciencias-B\u00e1sicas-7-660x430.jpg\" title=\"Claustro en Ciencias B\u00e1sicas (7)\" class=\"gallery-thumb\" id=\"thumbnail-913-6\" data-full-url=\"https:\/\/medicina.udd.cl\/unidad-calidad\/files\/2016\/08\/Claustro-en-Ciencias-B\u00e1sicas-7.jpg\"><img decoding=\"async\" src=\"https:\/\/medicina.udd.cl\/unidad-calidad\/files\/2016\/08\/Claustro-en-Ciencias-B\u00e1sicas-7-125x80.jpg\" class=\"full-width\" alt=\"Claustro en Ciencias B\u00e1sicas (7)\"><\/a><\/figure><figure class=\"gallery-item crsl-item\"><a href=\"https:\/\/medicina.udd.cl\/unidad-calidad\/files\/2016\/08\/Claustro-en-Ciencias-B\u00e1sicas-8-660x430.jpg\" title=\"Claustro en Ciencias B\u00e1sicas (8)\" class=\"gallery-thumb\" id=\"thumbnail-914-7\" data-full-url=\"https:\/\/medicina.udd.cl\/unidad-calidad\/files\/2016\/08\/Claustro-en-Ciencias-B\u00e1sicas-8.jpg\"><img decoding=\"async\" src=\"https:\/\/medicina.udd.cl\/unidad-calidad\/files\/2016\/08\/Claustro-en-Ciencias-B\u00e1sicas-8-125x80.jpg\" class=\"full-width\" alt=\"Claustro en Ciencias B\u00e1sicas (8)\"><\/a><\/figure><figure class=\"gallery-item crsl-item\"><a href=\"https:\/\/medicina.udd.cl\/unidad-calidad\/files\/2016\/08\/Claustro-en-Ciencias-B\u00e1sicas-9-660x430.jpg\" title=\"Claustro en Ciencias B\u00e1sicas (9)\" class=\"gallery-thumb\" id=\"thumbnail-915-8\" data-full-url=\"https:\/\/medicina.udd.cl\/unidad-calidad\/files\/2016\/08\/Claustro-en-Ciencias-B\u00e1sicas-9.jpg\"><img decoding=\"async\" src=\"https:\/\/medicina.udd.cl\/unidad-calidad\/files\/2016\/08\/Claustro-en-Ciencias-B\u00e1sicas-9-125x80.jpg\" class=\"full-width\" alt=\"Claustro en Ciencias B\u00e1sicas (9)\"><\/a><\/figure><figure class=\"gallery-item crsl-item\"><a href=\"https:\/\/medicina.udd.cl\/unidad-calidad\/files\/2016\/08\/Claustro-en-Ciencias-B\u00e1sicas-10-660x430.jpg\" title=\"Claustro en Ciencias B\u00e1sicas (10)\" class=\"gallery-thumb\" id=\"thumbnail-916-9\" data-full-url=\"https:\/\/medicina.udd.cl\/unidad-calidad\/files\/2016\/08\/Claustro-en-Ciencias-B\u00e1sicas-10.jpg\"><img decoding=\"async\" src=\"https:\/\/medicina.udd.cl\/unidad-calidad\/files\/2016\/08\/Claustro-en-Ciencias-B\u00e1sicas-10-125x80.jpg\" class=\"full-width\" alt=\"Claustro en Ciencias B\u00e1sicas (10)\"><\/a><\/figure><figure class=\"gallery-item crsl-item\"><a href=\"https:\/\/medicina.udd.cl\/unidad-calidad\/files\/2016\/08\/Claustro-en-Ciencias-B\u00e1sicas-11-660x430.jpg\" title=\"Claustro en Ciencias B\u00e1sicas (11)\" class=\"gallery-thumb\" id=\"thumbnail-917-10\" data-full-url=\"https:\/\/medicina.udd.cl\/unidad-calidad\/files\/2016\/08\/Claustro-en-Ciencias-B\u00e1sicas-11.jpg\"><img decoding=\"async\" src=\"https:\/\/medicina.udd.cl\/unidad-calidad\/files\/2016\/08\/Claustro-en-Ciencias-B\u00e1sicas-11-125x80.jpg\" class=\"full-width\" alt=\"Claustro en Ciencias B\u00e1sicas (11)\"><\/a><\/figure><figure class=\"gallery-item crsl-item\"><a href=\"https:\/\/medicina.udd.cl\/unidad-calidad\/files\/2016\/08\/Claustro-en-Ciencias-B\u00e1sicas-12-660x430.jpg\" title=\"Claustro en Ciencias B\u00e1sicas (12)\" class=\"gallery-thumb\" id=\"thumbnail-918-11\" data-full-url=\"https:\/\/medicina.udd.cl\/unidad-calidad\/files\/2016\/08\/Claustro-en-Ciencias-B\u00e1sicas-12.jpg\"><img decoding=\"async\" src=\"https:\/\/medicina.udd.cl\/unidad-calidad\/files\/2016\/08\/Claustro-en-Ciencias-B\u00e1sicas-12-125x80.jpg\" class=\"full-width\" alt=\"Claustro en Ciencias B\u00e1sicas (12)\"><\/a><\/figure><figure class=\"gallery-item crsl-item\"><a href=\"https:\/\/medicina.udd.cl\/unidad-calidad\/files\/2016\/08\/Claustro-en-Ciencias-B\u00e1sicas-13-660x430.jpg\" title=\"Claustro en Ciencias B\u00e1sicas (13)\" class=\"gallery-thumb\" id=\"thumbnail-919-12\" data-full-url=\"https:\/\/medicina.udd.cl\/unidad-calidad\/files\/2016\/08\/Claustro-en-Ciencias-B\u00e1sicas-13.jpg\"><img decoding=\"async\" src=\"https:\/\/medicina.udd.cl\/unidad-calidad\/files\/2016\/08\/Claustro-en-Ciencias-B\u00e1sicas-13-125x80.jpg\" class=\"full-width\" alt=\"Claustro en Ciencias B\u00e1sicas (13)\"><\/a><\/figure><figure class=\"gallery-item crsl-item\"><a href=\"https:\/\/medicina.udd.cl\/unidad-calidad\/files\/2016\/08\/Claustro-en-Ciencias-B\u00e1sicas-14-660x430.jpg\" title=\"Claustro en Ciencias B\u00e1sicas (14)\" class=\"gallery-thumb\" id=\"thumbnail-920-13\" data-full-url=\"https:\/\/medicina.udd.cl\/unidad-calidad\/files\/2016\/08\/Claustro-en-Ciencias-B\u00e1sicas-14.jpg\"><img decoding=\"async\" src=\"https:\/\/medicina.udd.cl\/unidad-calidad\/files\/2016\/08\/Claustro-en-Ciencias-B\u00e1sicas-14-125x80.jpg\" class=\"full-width\" alt=\"Claustro en Ciencias B\u00e1sicas (14)\"><\/a><\/figure><figure class=\"gallery-item crsl-item\"><a href=\"https:\/\/medicina.udd.cl\/unidad-calidad\/files\/2016\/08\/Claustro-en-Ciencias-B\u00e1sicas-15-660x430.jpg\" title=\"Claustro en Ciencias B\u00e1sicas (15)\" class=\"gallery-thumb\" id=\"thumbnail-921-14\" data-full-url=\"https:\/\/medicina.udd.cl\/unidad-calidad\/files\/2016\/08\/Claustro-en-Ciencias-B\u00e1sicas-15.jpg\"><img decoding=\"async\" src=\"https:\/\/medicina.udd.cl\/unidad-calidad\/files\/2016\/08\/Claustro-en-Ciencias-B\u00e1sicas-15-125x80.jpg\" class=\"full-width\" alt=\"Claustro en Ciencias B\u00e1sicas (15)\"><\/a><\/figure><\/div><\/div><\/div><\/div>\n<p style=\"text-align: justify\">El mi\u00e9rcoles 03 de agosto, autoridades y docentes de la Facultad de Medicina Cl\u00ednica Alemana Universidad del Desarrollo asistieron al claustro de Ciencias B\u00e1sicas de las Carreras de la Salud y Odontolog\u00eda para analizar los resultados obtenidos en los procesos de acreditaci\u00f3n y proyectar el trabajo curricular para el segundo semestre del 2016.<\/p>\n<p style=\"text-align: justify\">La actividad -que se desarroll\u00f3 en el auditorio 202 del campus Las Condes- inici\u00f3 con las palabras de bienvenida de la doctora Liliana Jadue, vicedecana de las Carreras de la Salud, quien se refiri\u00f3 a las principales observaciones de los pares evaluadores, haciendo un positivo balance de sus informes y destacando el compromiso de la comunidad universitaria por alcanzar excelentes resultados en sus\u00a0respectivas acreditaciones.<\/p>\n<p style=\"text-align: justify\">Posteriormente, los profesores Barbra Toro, Pietro Raggio y Macarena Hirmas presentaron sus casos de buenas pr\u00e1cticas en Plan Com\u00fan, mostrando el trabajo desarrollado en la plataforma icurso con material did\u00e1ctico e interactivo, videos con proyectos cient\u00edficos realizados por los mismos alumnos y talleres grupales guiados que complementan las clases expositivas, por mencionar algunos.<\/p>\n<p style=\"text-align: justify\">Finalmente, la directora de la Unidad de Calidad y Registro de la Facultad, Katherine Mar\u00edn, comprometi\u00f3 a los m\u00e1s de 40 docentes que asistieron a la jornada con la tarea de revisar los perfiles de egreso y actualizar los programas de asignatura con el objetivo de realizar una mejor contribuci\u00f3n a los perfiles de egreso.<\/p>\n","protected":false},"excerpt":{"rendered":"<p>El mi\u00e9rcoles 03 de agosto, autoridades y docentes de la Facultad de Medicina Cl\u00ednica Alemana Universidad del Desarrollo asistieron al claustro de Ciencias B\u00e1sicas de las Carreras de la Salud y Odontolog\u00eda para analizar los resultados obtenidos en los procesos de acreditaci\u00f3n y proyectar el trabajo curricular para el segundo semestre del 2016. La actividad [&hellip;]<\/p>\n","protected":false},"author":9192192,"featured_media":908,"comment_status":"open","ping_status":"open","sticky":false,"template":"","format":"standard","meta":{"footnotes":""},"categories":[4],"tags":[],"class_list":["post-906","post","type-post","status-publish","format-standard","has-post-thumbnail","hentry","category-noticias"],"yoast_head":"<!-- This site is optimized with the Yoast SEO plugin v26.9 - https:\/\/yoast.com\/product\/yoast-seo-wordpress\/ -->\n<title>Facultad de Medicina realiz\u00f3 positivo Claustro Acad\u00e9mico de Ciencias B\u00e1sicas - Unidad de Calidad (UNICA)<\/title>\n<meta name=\"robots\" content=\"index, follow, max-snippet:-1, max-image-preview:large, max-video-preview:-1\" \/>\n<link rel=\"canonical\" href=\"https:\/\/medicina.udd.cl\/unidad-calidad\/noticias\/2016\/08\/11\/facultad-de-medicina-realizo-positivo-claustro-academico-de-ciencias-basicas\/\" \/>\n<meta property=\"og:locale\" content=\"es_ES\" \/>\n<meta property=\"og:type\" content=\"article\" \/>\n<meta property=\"og:title\" content=\"Facultad de Medicina realiz\u00f3 positivo Claustro Acad\u00e9mico de Ciencias B\u00e1sicas - Unidad de Calidad (UNICA)\" \/>\n<meta property=\"og:description\" content=\"El mi\u00e9rcoles 03 de agosto, autoridades y docentes de la Facultad de Medicina Cl\u00ednica Alemana Universidad del Desarrollo asistieron al claustro de Ciencias B\u00e1sicas de las Carreras de la Salud y Odontolog\u00eda para analizar los resultados obtenidos en los procesos de acreditaci\u00f3n y proyectar el trabajo curricular para el segundo semestre del 2016. La actividad [&hellip;]\" \/>\n<meta property=\"og:url\" content=\"https:\/\/medicina.udd.cl\/unidad-calidad\/noticias\/2016\/08\/11\/facultad-de-medicina-realizo-positivo-claustro-academico-de-ciencias-basicas\/\" \/>\n<meta property=\"og:site_name\" content=\"Unidad de Calidad (UNICA)\" \/>\n<meta property=\"article:published_time\" content=\"2016-08-11T13:37:14+00:00\" \/>\n<meta property=\"article:modified_time\" content=\"2016-08-12T17:42:09+00:00\" \/>\n<meta property=\"og:image\" content=\"https:\/\/medicina.udd.cl\/unidad-calidad\/files\/2016\/08\/Claustro-en-Ciencias-B\u00e1sicas-2.jpg\" \/>\n\t<meta property=\"og:image:width\" content=\"821\" \/>\n\t<meta property=\"og:image:height\" content=\"548\" \/>\n\t<meta property=\"og:image:type\" content=\"image\/jpeg\" \/>\n<meta name=\"author\" content=\"paulinamunoz\" \/>\n<meta name=\"twitter:label1\" content=\"Escrito por\" \/>\n\t<meta name=\"twitter:data1\" content=\"paulinamunoz\" \/>\n\t<meta name=\"twitter:label2\" content=\"Tiempo de lectura\" \/>\n\t<meta name=\"twitter:data2\" content=\"1 minuto\" \/>\n<script type=\"application\/ld+json\" class=\"yoast-schema-graph\">{\"@context\":\"https:\/\/schema.org\",\"@graph\":[{\"@type\":\"Article\",\"@id\":\"https:\/\/medicina.udd.cl\/unidad-calidad\/noticias\/2016\/08\/11\/facultad-de-medicina-realizo-positivo-claustro-academico-de-ciencias-basicas\/#article\",\"isPartOf\":{\"@id\":\"https:\/\/medicina.udd.cl\/unidad-calidad\/noticias\/2016\/08\/11\/facultad-de-medicina-realizo-positivo-claustro-academico-de-ciencias-basicas\/\"},\"author\":{\"name\":\"paulinamunoz\",\"@id\":\"https:\/\/medicina.udd.cl\/unidad-calidad\/#\/schema\/person\/8bbd66125b574a40ec467c180c11f2e3\"},\"headline\":\"Facultad de Medicina realiz\u00f3 positivo Claustro Acad\u00e9mico de Ciencias B\u00e1sicas\",\"datePublished\":\"2016-08-11T13:37:14+00:00\",\"dateModified\":\"2016-08-12T17:42:09+00:00\",\"mainEntityOfPage\":{\"@id\":\"https:\/\/medicina.udd.cl\/unidad-calidad\/noticias\/2016\/08\/11\/facultad-de-medicina-realizo-positivo-claustro-academico-de-ciencias-basicas\/\"},\"wordCount\":248,\"commentCount\":0,\"image\":{\"@id\":\"https:\/\/medicina.udd.cl\/unidad-calidad\/noticias\/2016\/08\/11\/facultad-de-medicina-realizo-positivo-claustro-academico-de-ciencias-basicas\/#primaryimage\"},\"thumbnailUrl\":\"https:\/\/medicina.udd.cl\/unidad-calidad\/files\/2016\/08\/Claustro-en-Ciencias-B\u00e1sicas-2.jpg\",\"articleSection\":[\"Noticias\"],\"inLanguage\":\"es\",\"potentialAction\":[{\"@type\":\"CommentAction\",\"name\":\"Comment\",\"target\":[\"https:\/\/medicina.udd.cl\/unidad-calidad\/noticias\/2016\/08\/11\/facultad-de-medicina-realizo-positivo-claustro-academico-de-ciencias-basicas\/#respond\"]}]},{\"@type\":\"WebPage\",\"@id\":\"https:\/\/medicina.udd.cl\/unidad-calidad\/noticias\/2016\/08\/11\/facultad-de-medicina-realizo-positivo-claustro-academico-de-ciencias-basicas\/\",\"url\":\"https:\/\/medicina.udd.cl\/unidad-calidad\/noticias\/2016\/08\/11\/facultad-de-medicina-realizo-positivo-claustro-academico-de-ciencias-basicas\/\",\"name\":\"Facultad de Medicina realiz\u00f3 positivo Claustro Acad\u00e9mico de Ciencias B\u00e1sicas - Unidad de Calidad (UNICA)\",\"isPartOf\":{\"@id\":\"https:\/\/medicina.udd.cl\/unidad-calidad\/#website\"},\"primaryImageOfPage\":{\"@id\":\"https:\/\/medicina.udd.cl\/unidad-calidad\/noticias\/2016\/08\/11\/facultad-de-medicina-realizo-positivo-claustro-academico-de-ciencias-basicas\/#primaryimage\"},\"image\":{\"@id\":\"https:\/\/medicina.udd.cl\/unidad-calidad\/noticias\/2016\/08\/11\/facultad-de-medicina-realizo-positivo-claustro-academico-de-ciencias-basicas\/#primaryimage\"},\"thumbnailUrl\":\"https:\/\/medicina.udd.cl\/unidad-calidad\/files\/2016\/08\/Claustro-en-Ciencias-B\u00e1sicas-2.jpg\",\"datePublished\":\"2016-08-11T13:37:14+00:00\",\"dateModified\":\"2016-08-12T17:42:09+00:00\",\"author\":{\"@id\":\"https:\/\/medicina.udd.cl\/unidad-calidad\/#\/schema\/person\/8bbd66125b574a40ec467c180c11f2e3\"},\"breadcrumb\":{\"@id\":\"https:\/\/medicina.udd.cl\/unidad-calidad\/noticias\/2016\/08\/11\/facultad-de-medicina-realizo-positivo-claustro-academico-de-ciencias-basicas\/#breadcrumb\"},\"inLanguage\":\"es\",\"potentialAction\":[{\"@type\":\"ReadAction\",\"target\":[\"https:\/\/medicina.udd.cl\/unidad-calidad\/noticias\/2016\/08\/11\/facultad-de-medicina-realizo-positivo-claustro-academico-de-ciencias-basicas\/\"]}]},{\"@type\":\"ImageObject\",\"inLanguage\":\"es\",\"@id\":\"https:\/\/medicina.udd.cl\/unidad-calidad\/noticias\/2016\/08\/11\/facultad-de-medicina-realizo-positivo-claustro-academico-de-ciencias-basicas\/#primaryimage\",\"url\":\"https:\/\/medicina.udd.cl\/unidad-calidad\/files\/2016\/08\/Claustro-en-Ciencias-B\u00e1sicas-2.jpg\",\"contentUrl\":\"https:\/\/medicina.udd.cl\/unidad-calidad\/files\/2016\/08\/Claustro-en-Ciencias-B\u00e1sicas-2.jpg\",\"width\":821,\"height\":548},{\"@type\":\"BreadcrumbList\",\"@id\":\"https:\/\/medicina.udd.cl\/unidad-calidad\/noticias\/2016\/08\/11\/facultad-de-medicina-realizo-positivo-claustro-academico-de-ciencias-basicas\/#breadcrumb\",\"itemListElement\":[{\"@type\":\"ListItem\",\"position\":1,\"name\":\"Home\",\"item\":\"https:\/\/medicina.udd.cl\/unidad-calidad\/\"},{\"@type\":\"ListItem\",\"position\":2,\"name\":\"Facultad de Medicina realiz\u00f3 positivo Claustro Acad\u00e9mico de Ciencias B\u00e1sicas\"}]},{\"@type\":\"WebSite\",\"@id\":\"https:\/\/medicina.udd.cl\/unidad-calidad\/#website\",\"url\":\"https:\/\/medicina.udd.cl\/unidad-calidad\/\",\"name\":\"Unidad de Calidad (UNICA)\",\"description\":\"Facultad de Medicina Cl\u00ednica Alemana Universidad del Desarrollo\",\"potentialAction\":[{\"@type\":\"SearchAction\",\"target\":{\"@type\":\"EntryPoint\",\"urlTemplate\":\"https:\/\/medicina.udd.cl\/unidad-calidad\/?s={search_term_string}\"},\"query-input\":{\"@type\":\"PropertyValueSpecification\",\"valueRequired\":true,\"valueName\":\"search_term_string\"}}],\"inLanguage\":\"es\"},{\"@type\":\"Person\",\"@id\":\"https:\/\/medicina.udd.cl\/unidad-calidad\/#\/schema\/person\/8bbd66125b574a40ec467c180c11f2e3\",\"name\":\"paulinamunoz\",\"image\":{\"@type\":\"ImageObject\",\"inLanguage\":\"es\",\"@id\":\"https:\/\/medicina.udd.cl\/unidad-calidad\/#\/schema\/person\/image\/\",\"url\":\"https:\/\/secure.gravatar.com\/avatar\/748ce8fb74e8f8077c4966697a3b3710ca0019e71a62146890c0dcdc705e7f3d?s=96&d=mm&r=g\",\"contentUrl\":\"https:\/\/secure.gravatar.com\/avatar\/748ce8fb74e8f8077c4966697a3b3710ca0019e71a62146890c0dcdc705e7f3d?s=96&d=mm&r=g\",\"caption\":\"paulinamunoz\"},\"url\":\"https:\/\/medicina.udd.cl\/unidad-calidad\/noticias\/author\/paulinamunoz\/\"}]}<\/script>\n<!-- \/ Yoast SEO plugin. -->","yoast_head_json":{"title":"Facultad de Medicina realiz\u00f3 positivo Claustro Acad\u00e9mico de Ciencias B\u00e1sicas - Unidad de Calidad (UNICA)","robots":{"index":"index","follow":"follow","max-snippet":"max-snippet:-1","max-image-preview":"max-image-preview:large","max-video-preview":"max-video-preview:-1"},"canonical":"https:\/\/medicina.udd.cl\/unidad-calidad\/noticias\/2016\/08\/11\/facultad-de-medicina-realizo-positivo-claustro-academico-de-ciencias-basicas\/","og_locale":"es_ES","og_type":"article","og_title":"Facultad de Medicina realiz\u00f3 positivo Claustro Acad\u00e9mico de Ciencias B\u00e1sicas - Unidad de Calidad (UNICA)","og_description":"El mi\u00e9rcoles 03 de agosto, autoridades y docentes de la Facultad de Medicina Cl\u00ednica Alemana Universidad del Desarrollo asistieron al claustro de Ciencias B\u00e1sicas de las Carreras de la Salud y Odontolog\u00eda para analizar los resultados obtenidos en los procesos de acreditaci\u00f3n y proyectar el trabajo curricular para el segundo semestre del 2016. La actividad [&hellip;]","og_url":"https:\/\/medicina.udd.cl\/unidad-calidad\/noticias\/2016\/08\/11\/facultad-de-medicina-realizo-positivo-claustro-academico-de-ciencias-basicas\/","og_site_name":"Unidad de Calidad (UNICA)","article_published_time":"2016-08-11T13:37:14+00:00","article_modified_time":"2016-08-12T17:42:09+00:00","og_image":[{"width":821,"height":548,"url":"https:\/\/medicina.udd.cl\/unidad-calidad\/files\/2016\/08\/Claustro-en-Ciencias-B\u00e1sicas-2.jpg","type":"image\/jpeg"}],"author":"paulinamunoz","twitter_misc":{"Escrito por":"paulinamunoz","Tiempo de lectura":"1 minuto"},"schema":{"@context":"https:\/\/schema.org","@graph":[{"@type":"Article","@id":"https:\/\/medicina.udd.cl\/unidad-calidad\/noticias\/2016\/08\/11\/facultad-de-medicina-realizo-positivo-claustro-academico-de-ciencias-basicas\/#article","isPartOf":{"@id":"https:\/\/medicina.udd.cl\/unidad-calidad\/noticias\/2016\/08\/11\/facultad-de-medicina-realizo-positivo-claustro-academico-de-ciencias-basicas\/"},"author":{"name":"paulinamunoz","@id":"https:\/\/medicina.udd.cl\/unidad-calidad\/#\/schema\/person\/8bbd66125b574a40ec467c180c11f2e3"},"headline":"Facultad de Medicina realiz\u00f3 positivo Claustro Acad\u00e9mico de Ciencias B\u00e1sicas","datePublished":"2016-08-11T13:37:14+00:00","dateModified":"2016-08-12T17:42:09+00:00","mainEntityOfPage":{"@id":"https:\/\/medicina.udd.cl\/unidad-calidad\/noticias\/2016\/08\/11\/facultad-de-medicina-realizo-positivo-claustro-academico-de-ciencias-basicas\/"},"wordCount":248,"commentCount":0,"image":{"@id":"https:\/\/medicina.udd.cl\/unidad-calidad\/noticias\/2016\/08\/11\/facultad-de-medicina-realizo-positivo-claustro-academico-de-ciencias-basicas\/#primaryimage"},"thumbnailUrl":"https:\/\/medicina.udd.cl\/unidad-calidad\/files\/2016\/08\/Claustro-en-Ciencias-B\u00e1sicas-2.jpg","articleSection":["Noticias"],"inLanguage":"es","potentialAction":[{"@type":"CommentAction","name":"Comment","target":["https:\/\/medicina.udd.cl\/unidad-calidad\/noticias\/2016\/08\/11\/facultad-de-medicina-realizo-positivo-claustro-academico-de-ciencias-basicas\/#respond"]}]},{"@type":"WebPage","@id":"https:\/\/medicina.udd.cl\/unidad-calidad\/noticias\/2016\/08\/11\/facultad-de-medicina-realizo-positivo-claustro-academico-de-ciencias-basicas\/","url":"https:\/\/medicina.udd.cl\/unidad-calidad\/noticias\/2016\/08\/11\/facultad-de-medicina-realizo-positivo-claustro-academico-de-ciencias-basicas\/","name":"Facultad de Medicina realiz\u00f3 positivo Claustro Acad\u00e9mico de Ciencias B\u00e1sicas - Unidad de Calidad (UNICA)","isPartOf":{"@id":"https:\/\/medicina.udd.cl\/unidad-calidad\/#website"},"primaryImageOfPage":{"@id":"https:\/\/medicina.udd.cl\/unidad-calidad\/noticias\/2016\/08\/11\/facultad-de-medicina-realizo-positivo-claustro-academico-de-ciencias-basicas\/#primaryimage"},"image":{"@id":"https:\/\/medicina.udd.cl\/unidad-calidad\/noticias\/2016\/08\/11\/facultad-de-medicina-realizo-positivo-claustro-academico-de-ciencias-basicas\/#primaryimage"},"thumbnailUrl":"https:\/\/medicina.udd.cl\/unidad-calidad\/files\/2016\/08\/Claustro-en-Ciencias-B\u00e1sicas-2.jpg","datePublished":"2016-08-11T13:37:14+00:00","dateModified":"2016-08-12T17:42:09+00:00","author":{"@id":"https:\/\/medicina.udd.cl\/unidad-calidad\/#\/schema\/person\/8bbd66125b574a40ec467c180c11f2e3"},"breadcrumb":{"@id":"https:\/\/medicina.udd.cl\/unidad-calidad\/noticias\/2016\/08\/11\/facultad-de-medicina-realizo-positivo-claustro-academico-de-ciencias-basicas\/#breadcrumb"},"inLanguage":"es","potentialAction":[{"@type":"ReadAction","target":["https:\/\/medicina.udd.cl\/unidad-calidad\/noticias\/2016\/08\/11\/facultad-de-medicina-realizo-positivo-claustro-academico-de-ciencias-basicas\/"]}]},{"@type":"ImageObject","inLanguage":"es","@id":"https:\/\/medicina.udd.cl\/unidad-calidad\/noticias\/2016\/08\/11\/facultad-de-medicina-realizo-positivo-claustro-academico-de-ciencias-basicas\/#primaryimage","url":"https:\/\/medicina.udd.cl\/unidad-calidad\/files\/2016\/08\/Claustro-en-Ciencias-B\u00e1sicas-2.jpg","contentUrl":"https:\/\/medicina.udd.cl\/unidad-calidad\/files\/2016\/08\/Claustro-en-Ciencias-B\u00e1sicas-2.jpg","width":821,"height":548},{"@type":"BreadcrumbList","@id":"https:\/\/medicina.udd.cl\/unidad-calidad\/noticias\/2016\/08\/11\/facultad-de-medicina-realizo-positivo-claustro-academico-de-ciencias-basicas\/#breadcrumb","itemListElement":[{"@type":"ListItem","position":1,"name":"Home","item":"https:\/\/medicina.udd.cl\/unidad-calidad\/"},{"@type":"ListItem","position":2,"name":"Facultad de Medicina realiz\u00f3 positivo Claustro Acad\u00e9mico de Ciencias B\u00e1sicas"}]},{"@type":"WebSite","@id":"https:\/\/medicina.udd.cl\/unidad-calidad\/#website","url":"https:\/\/medicina.udd.cl\/unidad-calidad\/","name":"Unidad de Calidad (UNICA)","description":"Facultad de Medicina Cl\u00ednica Alemana Universidad del Desarrollo","potentialAction":[{"@type":"SearchAction","target":{"@type":"EntryPoint","urlTemplate":"https:\/\/medicina.udd.cl\/unidad-calidad\/?s={search_term_string}"},"query-input":{"@type":"PropertyValueSpecification","valueRequired":true,"valueName":"search_term_string"}}],"inLanguage":"es"},{"@type":"Person","@id":"https:\/\/medicina.udd.cl\/unidad-calidad\/#\/schema\/person\/8bbd66125b574a40ec467c180c11f2e3","name":"paulinamunoz","image":{"@type":"ImageObject","inLanguage":"es","@id":"https:\/\/medicina.udd.cl\/unidad-calidad\/#\/schema\/person\/image\/","url":"https:\/\/secure.gravatar.com\/avatar\/748ce8fb74e8f8077c4966697a3b3710ca0019e71a62146890c0dcdc705e7f3d?s=96&d=mm&r=g","contentUrl":"https:\/\/secure.gravatar.com\/avatar\/748ce8fb74e8f8077c4966697a3b3710ca0019e71a62146890c0dcdc705e7f3d?s=96&d=mm&r=g","caption":"paulinamunoz"},"url":"https:\/\/medicina.udd.cl\/unidad-calidad\/noticias\/author\/paulinamunoz\/"}]}},"_links":{"self":[{"href":"https:\/\/medicina.udd.cl\/unidad-calidad\/wp-json\/wp\/v2\/posts\/906","targetHints":{"allow":["GET"]}}],"collection":[{"href":"https:\/\/medicina.udd.cl\/unidad-calidad\/wp-json\/wp\/v2\/posts"}],"about":[{"href":"https:\/\/medicina.udd.cl\/unidad-calidad\/wp-json\/wp\/v2\/types\/post"}],"author":[{"embeddable":true,"href":"https:\/\/medicina.udd.cl\/unidad-calidad\/wp-json\/wp\/v2\/users\/9192192"}],"replies":[{"embeddable":true,"href":"https:\/\/medicina.udd.cl\/unidad-calidad\/wp-json\/wp\/v2\/comments?post=906"}],"version-history":[{"count":2,"href":"https:\/\/medicina.udd.cl\/unidad-calidad\/wp-json\/wp\/v2\/posts\/906\/revisions"}],"predecessor-version":[{"id":923,"href":"https:\/\/medicina.udd.cl\/unidad-calidad\/wp-json\/wp\/v2\/posts\/906\/revisions\/923"}],"wp:featuredmedia":[{"embeddable":true,"href":"https:\/\/medicina.udd.cl\/unidad-calidad\/wp-json\/wp\/v2\/media\/908"}],"wp:attachment":[{"href":"https:\/\/medicina.udd.cl\/unidad-calidad\/wp-json\/wp\/v2\/media?parent=906"}],"wp:term":[{"taxonomy":"category","embeddable":true,"href":"https:\/\/medicina.udd.cl\/unidad-calidad\/wp-json\/wp\/v2\/categories?post=906"},{"taxonomy":"post_tag","embeddable":true,"href":"https:\/\/medicina.udd.cl\/unidad-calidad\/wp-json\/wp\/v2\/tags?post=906"}],"curies":[{"name":"wp","href":"https:\/\/api.w.org\/{rel}","templated":true}]}}